
{"id":102186,"date":"2022-05-22T10:09:30","date_gmt":"2022-05-22T13:09:30","guid":{"rendered":"https:\/\/www.sudoestehoje.com.br\/novoportal\/?p=102186"},"modified":"2022-05-27T21:51:43","modified_gmt":"2022-05-28T00:51:43","slug":"vereadora-manu-brandao-e-roberta-caires-presentes-na-recepcao-a-acm-neto","status":"publish","type":"post","link":"https:\/\/www.sudoestehoje.com.br\/novoportal\/2022\/05\/22\/vereadora-manu-brandao-e-roberta-caires-presentes-na-recepcao-a-acm-neto\/","title":{"rendered":"VEREADORA MANU BRAND\u00c3O E ROBERTA CAIRES PRESENTES NA RECEP\u00c7\u00c3O A ACM NETO"},"content":{"rendered":"<p><a href=\"https:\/\/www.sudoestehoje.com.br\/novoportal\/wp-content\/uploads\/2022\/05\/WhatsApp-Image-2022-05-22-at-10.35.53.jpeg\"><img loading=\"lazy\" decoding=\"async\" class=\"aligncenter size-medium wp-image-102198\" src=\"https:\/\/www.sudoestehoje.com.br\/novoportal\/wp-content\/uploads\/2022\/05\/WhatsApp-Image-2022-05-22-at-10.35.53-500x325.jpeg\" alt=\"\" width=\"500\" height=\"325\" srcset=\"https:\/\/www.sudoestehoje.com.br\/novoportal\/wp-content\/uploads\/2022\/05\/WhatsApp-Image-2022-05-22-at-10.35.53-500x325.jpeg 500w, https:\/\/www.sudoestehoje.com.br\/novoportal\/wp-content\/uploads\/2022\/05\/WhatsApp-Image-2022-05-22-at-10.35.53-700x455.jpeg 700w, https:\/\/www.sudoestehoje.com.br\/novoportal\/wp-content\/uploads\/2022\/05\/WhatsApp-Image-2022-05-22-at-10.35.53-768x499.jpeg 768w, https:\/\/www.sudoestehoje.com.br\/novoportal\/wp-content\/uploads\/2022\/05\/WhatsApp-Image-2022-05-22-at-10.35.53.jpeg 1024w\" sizes=\"auto, (max-width: 500px) 100vw, 500px\" \/><\/a><\/p>\n<p>Durante a recep\u00e7\u00e3o ao pr\u00e9-candidato ao governo do estado, ACM Neto (UB), a vereadora Manu Brand\u00e3o e a coordenadora do &#8216;Move Mulher&#8217;, na Bahia Roberta Caires, foram presen\u00e7as destacadas, desde o aeroporto, a carreata, at\u00e9 a concentra\u00e7\u00e3o no Parque de Exposi\u00e7\u00f5es.<\/p>\n<p>Sempre juntas, Manu e Roberta Caires foram cumprimentadas por lideran\u00e7as pol\u00edticas importantes, a exemplo do pr\u00f3prio ACM Neto, do prefeito Rodrigo Hagge, do deputado estadual Pedro Tavares, dentre outro.<\/p>\n<p><a href=\"https:\/\/www.sudoestehoje.com.br\/novoportal\/wp-content\/uploads\/2022\/05\/WhatsApp-Image-2022-05-21-at-22.23.01.jpeg\"><img loading=\"lazy\" decoding=\"async\" class=\"aligncenter size-medium wp-image-102193\" src=\"https:\/\/www.sudoestehoje.com.br\/novoportal\/wp-content\/uploads\/2022\/05\/WhatsApp-Image-2022-05-21-at-22.23.01-500x375.jpeg\" alt=\"\" width=\"500\" height=\"375\" srcset=\"https:\/\/www.sudoestehoje.com.br\/novoportal\/wp-content\/uploads\/2022\/05\/WhatsApp-Image-2022-05-21-at-22.23.01-500x375.jpeg 500w, https:\/\/www.sudoestehoje.com.br\/novoportal\/wp-content\/uploads\/2022\/05\/WhatsApp-Image-2022-05-21-at-22.23.01-700x525.jpeg 700w, https:\/\/www.sudoestehoje.com.br\/novoportal\/wp-content\/uploads\/2022\/05\/WhatsApp-Image-2022-05-21-at-22.23.01-768x576.jpeg 768w, https:\/\/www.sudoestehoje.com.br\/novoportal\/wp-content\/uploads\/2022\/05\/WhatsApp-Image-2022-05-21-at-22.23.01-1536x1152.jpeg 1536w, https:\/\/www.sudoestehoje.com.br\/novoportal\/wp-content\/uploads\/2022\/05\/WhatsApp-Image-2022-05-21-at-22.23.01.jpeg 1600w\" sizes=\"auto, (max-width: 500px) 100vw, 500px\" \/><\/a><\/p>\n<p><em>&#8220;Recebemos nosso futuro governador da Bahia @acmneto , Pedro Tavares e a Cordenadora do Move Mulher, uma mega Carreata marcou essa visita em nossa cidade Itapetinga. O anfitri\u00e3o @rodrigo acompanhou at\u00e9 a exposi\u00e7\u00e3o em clima de muita alegria acompanhado por v\u00e1rias lideran\u00e7as pol\u00edticas&#8221;<\/em>, ressaltou Manu<\/p>\n\n\t\t<style type=\"text\/css\">\n\t\t\t#gallery-1 {\n\t\t\t\tmargin: auto;\n\t\t\t}\n\t\t\t#gallery-1 .gallery-item {\n\t\t\t\tfloat: left;\n\t\t\t\tmargin-top: 10px;\n\t\t\t\ttext-align: center;\n\t\t\t\twidth: 33%;\n\t\t\t}\n\t\t\t#gallery-1 img {\n\t\t\t\tborder: 2px solid #cfcfcf;\n\t\t\t}\n\t\t\t#gallery-1 .gallery-caption {\n\t\t\t\tmargin-left: 0;\n\t\t\t}\n\t\t\t\/* see gallery_shortcode() in wp-includes\/media.php *\/\n\t\t<\/style>\n\t\t<div id='gallery-1' class='gallery galleryid-102186 gallery-columns-3 gallery-size-thumbnail'><dl class='gallery-item'>\n\t\t\t<dt class='gallery-icon landscape'>\n\t\t\t\t<a href='https:\/\/www.sudoestehoje.com.br\/novoportal\/2022\/05\/22\/vereadora-manu-brandao-e-roberta-caires-presentes-na-recepcao-a-acm-neto\/whatsapp-image-2022-05-21-at-22-23-25\/'><img loading=\"lazy\" decoding=\"async\" width=\"150\" height=\"150\" src=\"https:\/\/www.sudoestehoje.com.br\/novoportal\/wp-content\/uploads\/2022\/05\/WhatsApp-Image-2022-05-21-at-22.23.25-150x150.jpeg\" class=\"attachment-thumbnail size-thumbnail\" alt=\"\" \/><\/a>\n\t\t\t<\/dt><\/dl><dl class='gallery-item'>\n\t\t\t<dt class='gallery-icon landscape'>\n\t\t\t\t<a href='https:\/\/www.sudoestehoje.com.br\/novoportal\/2022\/05\/22\/vereadora-manu-brandao-e-roberta-caires-presentes-na-recepcao-a-acm-neto\/whatsapp-image-2022-05-21-at-14-54-44\/'><img loading=\"lazy\" decoding=\"async\" width=\"150\" height=\"150\" src=\"https:\/\/www.sudoestehoje.com.br\/novoportal\/wp-content\/uploads\/2022\/05\/WhatsApp-Image-2022-05-21-at-14.54.44-150x150.jpeg\" class=\"attachment-thumbnail size-thumbnail\" alt=\"\" \/><\/a>\n\t\t\t<\/dt><\/dl><dl class='gallery-item'>\n\t\t\t<dt class='gallery-icon landscape'>\n\t\t\t\t<a href='https:\/\/www.sudoestehoje.com.br\/novoportal\/2022\/05\/22\/vereadora-manu-brandao-e-roberta-caires-presentes-na-recepcao-a-acm-neto\/whatsapp-image-2022-05-21-at-22-23-25-1\/'><img loading=\"lazy\" decoding=\"async\" width=\"150\" height=\"150\" src=\"https:\/\/www.sudoestehoje.com.br\/novoportal\/wp-content\/uploads\/2022\/05\/WhatsApp-Image-2022-05-21-at-22.23.25-1-150x150.jpeg\" class=\"attachment-thumbnail size-thumbnail\" alt=\"\" \/><\/a>\n\t\t\t<\/dt><\/dl><br style=\"clear: both\" \/><dl class='gallery-item'>\n\t\t\t<dt class='gallery-icon landscape'>\n\t\t\t\t<a href='https:\/\/www.sudoestehoje.com.br\/novoportal\/2022\/05\/22\/vereadora-manu-brandao-e-roberta-caires-presentes-na-recepcao-a-acm-neto\/whatsapp-image-2022-05-21-at-22-23-52\/'><img loading=\"lazy\" decoding=\"async\" width=\"150\" height=\"150\" src=\"https:\/\/www.sudoestehoje.com.br\/novoportal\/wp-content\/uploads\/2022\/05\/WhatsApp-Image-2022-05-21-at-22.23.52-150x150.jpeg\" class=\"attachment-thumbnail size-thumbnail\" alt=\"\" \/><\/a>\n\t\t\t<\/dt><\/dl><dl class='gallery-item'>\n\t\t\t<dt class='gallery-icon landscape'>\n\t\t\t\t<a href='https:\/\/www.sudoestehoje.com.br\/novoportal\/2022\/05\/22\/vereadora-manu-brandao-e-roberta-caires-presentes-na-recepcao-a-acm-neto\/whatsapp-image-2022-05-21-at-14-43-56\/'><img loading=\"lazy\" decoding=\"async\" width=\"150\" height=\"150\" src=\"https:\/\/www.sudoestehoje.com.br\/novoportal\/wp-content\/uploads\/2022\/05\/WhatsApp-Image-2022-05-21-at-14.43.56-150x150.jpeg\" class=\"attachment-thumbnail size-thumbnail\" alt=\"\" \/><\/a>\n\t\t\t<\/dt><\/dl><dl class='gallery-item'>\n\t\t\t<dt class='gallery-icon landscape'>\n\t\t\t\t<a href='https:\/\/www.sudoestehoje.com.br\/novoportal\/2022\/05\/22\/vereadora-manu-brandao-e-roberta-caires-presentes-na-recepcao-a-acm-neto\/whatsapp-image-2022-05-21-at-14-43-57\/'><img loading=\"lazy\" decoding=\"async\" width=\"150\" height=\"150\" src=\"https:\/\/www.sudoestehoje.com.br\/novoportal\/wp-content\/uploads\/2022\/05\/WhatsApp-Image-2022-05-21-at-14.43.57-150x150.jpeg\" class=\"attachment-thumbnail size-thumbnail\" alt=\"\" \/><\/a>\n\t\t\t<\/dt><\/dl><br style=\"clear: both\" \/>\n\t\t<\/div>\n\n<p>O &#8216;Move Mulher&#8217;, do qual Manu Brand\u00e3o \u00e9 coordenadora regional, vem realizando um trabalho importante na inser\u00e7\u00e3o de lideran\u00e7as femininas na pr\u00e9-campanha de ACM Neto em toda a Bahia, com excelentes resultados.<\/p>\n<p><em><strong>Por Davi Ferraz<\/strong><\/em><\/p>\n","protected":false},"excerpt":{"rendered":"<p>Durante a recep\u00e7\u00e3o ao pr\u00e9-candidato ao governo do estado, ACM Neto (UB), a vereadora Manu Brand\u00e3o e a coordenadora do &#8216;Move Mulher&#8217;, na Bahia Roberta Caires, foram presen\u00e7as destacadas, desde o aeroporto, a carreata, at\u00e9 a concentra\u00e7\u00e3o no Parque de Exposi\u00e7\u00f5es. Sempre juntas, Manu e Roberta Caires foram cumprimentadas por lideran\u00e7as pol\u00edticas importantes, a exemplo [&hellip;]<\/p>\n","protected":false},"author":2,"featured_media":102198,"comment_status":"closed","ping_status":"open","sticky":false,"template":"","format":"standard","meta":{"footnotes":"","_links_to":"","_links_to_target":""},"categories":[1],"tags":[],"class_list":["post-102186","post","type-post","status-publish","format-standard","has-post-thumbnail","hentry","category-geral"],"views":830,"_links":{"self":[{"href":"https:\/\/www.sudoestehoje.com.br\/novoportal\/wp-json\/wp\/v2\/posts\/102186","targetHints":{"allow":["GET"]}}],"collection":[{"href":"https:\/\/www.sudoestehoje.com.br\/novoportal\/wp-json\/wp\/v2\/posts"}],"about":[{"href":"https:\/\/www.sudoestehoje.com.br\/novoportal\/wp-json\/wp\/v2\/types\/post"}],"author":[{"embeddable":true,"href":"https:\/\/www.sudoestehoje.com.br\/novoportal\/wp-json\/wp\/v2\/users\/2"}],"replies":[{"embeddable":true,"href":"https:\/\/www.sudoestehoje.com.br\/novoportal\/wp-json\/wp\/v2\/comments?post=102186"}],"version-history":[{"count":3,"href":"https:\/\/www.sudoestehoje.com.br\/novoportal\/wp-json\/wp\/v2\/posts\/102186\/revisions"}],"predecessor-version":[{"id":102199,"href":"https:\/\/www.sudoestehoje.com.br\/novoportal\/wp-json\/wp\/v2\/posts\/102186\/revisions\/102199"}],"wp:featuredmedia":[{"embeddable":true,"href":"https:\/\/www.sudoestehoje.com.br\/novoportal\/wp-json\/wp\/v2\/media\/102198"}],"wp:attachment":[{"href":"https:\/\/www.sudoestehoje.com.br\/novoportal\/wp-json\/wp\/v2\/media?parent=102186"}],"wp:term":[{"taxonomy":"category","embeddable":true,"href":"https:\/\/www.sudoestehoje.com.br\/novoportal\/wp-json\/wp\/v2\/categories?post=102186"},{"taxonomy":"post_tag","embeddable":true,"href":"https:\/\/www.sudoestehoje.com.br\/novoportal\/wp-json\/wp\/v2\/tags?post=102186"}],"curies":[{"name":"wp","href":"https:\/\/api.w.org\/{rel}","templated":true}]}}