
{"id":102178,"date":"2022-05-22T09:37:57","date_gmt":"2022-05-22T12:37:57","guid":{"rendered":"https:\/\/www.sudoestehoje.com.br\/novoportal\/?p=102178"},"modified":"2022-05-27T21:51:54","modified_gmt":"2022-05-28T00:51:54","slug":"presente-na-exposicao-vereador-helder-recepciona-o-deputado-antonio-brito","status":"publish","type":"post","link":"https:\/\/www.sudoestehoje.com.br\/novoportal\/2022\/05\/22\/presente-na-exposicao-vereador-helder-recepciona-o-deputado-antonio-brito\/","title":{"rendered":"PRESENTE NA 50\u00aa EXPOSI\u00c7\u00c3O, VEREADOR HELDER  RECEPCIONA O DEPUTADO ANT\u00d4NIO BRITO"},"content":{"rendered":"<p><a href=\"https:\/\/www.sudoestehoje.com.br\/novoportal\/wp-content\/uploads\/2022\/05\/WhatsApp-Image-2022-05-22-at-09.34.34-1.jpeg\"><img loading=\"lazy\" decoding=\"async\" class=\"aligncenter size-medium wp-image-102181\" src=\"https:\/\/www.sudoestehoje.com.br\/novoportal\/wp-content\/uploads\/2022\/05\/WhatsApp-Image-2022-05-22-at-09.34.34-1-500x225.jpeg\" alt=\"\" width=\"500\" height=\"225\" srcset=\"https:\/\/www.sudoestehoje.com.br\/novoportal\/wp-content\/uploads\/2022\/05\/WhatsApp-Image-2022-05-22-at-09.34.34-1-500x225.jpeg 500w, https:\/\/www.sudoestehoje.com.br\/novoportal\/wp-content\/uploads\/2022\/05\/WhatsApp-Image-2022-05-22-at-09.34.34-1-700x315.jpeg 700w, https:\/\/www.sudoestehoje.com.br\/novoportal\/wp-content\/uploads\/2022\/05\/WhatsApp-Image-2022-05-22-at-09.34.34-1-768x346.jpeg 768w, https:\/\/www.sudoestehoje.com.br\/novoportal\/wp-content\/uploads\/2022\/05\/WhatsApp-Image-2022-05-22-at-09.34.34-1-1536x692.jpeg 1536w, https:\/\/www.sudoestehoje.com.br\/novoportal\/wp-content\/uploads\/2022\/05\/WhatsApp-Image-2022-05-22-at-09.34.34-1.jpeg 1600w\" sizes=\"auto, (max-width: 500px) 100vw, 500px\" \/><\/a><\/p>\n<p>Atuante e presente nos principais eventos do munic\u00edpio, o vereador Helder de Bandeira participou, na noite desta sexta-feira (20), da recep\u00e7\u00e3o da recep\u00e7\u00e3o ao deputado federal Ant\u00f4nio Brito, no Parque de Exposi\u00e7\u00f5es Juvino Oliveira, em Itapetinga.<\/p>\n<p>Em seguida, Helder compareceu ao stand da c\u00e2mara municipal instalado no parque, ao lado da sua assessoria parlamentar, onde participou das homenagens aos ex-presidentes do legislativo municipal e outras personalidades.<a href=\"https:\/\/www.sudoestehoje.com.br\/novoportal\/wp-content\/uploads\/2022\/05\/WhatsApp-Image-2022-05-22-at-09.34.34.jpeg\"><img loading=\"lazy\" decoding=\"async\" class=\"aligncenter size-medium wp-image-102182\" src=\"https:\/\/www.sudoestehoje.com.br\/novoportal\/wp-content\/uploads\/2022\/05\/WhatsApp-Image-2022-05-22-at-09.34.34-500x225.jpeg\" alt=\"\" width=\"500\" height=\"225\" srcset=\"https:\/\/www.sudoestehoje.com.br\/novoportal\/wp-content\/uploads\/2022\/05\/WhatsApp-Image-2022-05-22-at-09.34.34-500x225.jpeg 500w, https:\/\/www.sudoestehoje.com.br\/novoportal\/wp-content\/uploads\/2022\/05\/WhatsApp-Image-2022-05-22-at-09.34.34-700x315.jpeg 700w, https:\/\/www.sudoestehoje.com.br\/novoportal\/wp-content\/uploads\/2022\/05\/WhatsApp-Image-2022-05-22-at-09.34.34-768x346.jpeg 768w, https:\/\/www.sudoestehoje.com.br\/novoportal\/wp-content\/uploads\/2022\/05\/WhatsApp-Image-2022-05-22-at-09.34.34-1536x692.jpeg 1536w, https:\/\/www.sudoestehoje.com.br\/novoportal\/wp-content\/uploads\/2022\/05\/WhatsApp-Image-2022-05-22-at-09.34.34.jpeg 1600w\" sizes=\"auto, (max-width: 500px) 100vw, 500px\" \/><\/a><\/p>\n<p>Com o deputado Ant\u00f4nio Brito, o edil tratou da inser\u00e7\u00e3o de emendas parlamentares no Or\u00e7amento Geral da Uni\u00e3o, visando a melhoria da infraestrutura do distrito de Bandeira do Col\u00f4nia, do qual \u00e9 um destacado representante.<\/p>\n<p><strong><em>Por Davi Ferraz<\/em><\/strong><\/p>\n","protected":false},"excerpt":{"rendered":"<p>Atuante e presente nos principais eventos do munic\u00edpio, o vereador Helder de Bandeira participou, na noite desta sexta-feira (20), da recep\u00e7\u00e3o da recep\u00e7\u00e3o ao deputado federal Ant\u00f4nio Brito, no Parque de Exposi\u00e7\u00f5es Juvino Oliveira, em Itapetinga. Em seguida, Helder compareceu ao stand da c\u00e2mara municipal instalado no parque, ao lado da sua assessoria parlamentar, onde [&hellip;]<\/p>\n","protected":false},"author":2,"featured_media":102181,"comment_status":"closed","ping_status":"open","sticky":false,"template":"","format":"standard","meta":{"footnotes":"","_links_to":"","_links_to_target":""},"categories":[1],"tags":[],"class_list":["post-102178","post","type-post","status-publish","format-standard","has-post-thumbnail","hentry","category-geral"],"views":908,"_links":{"self":[{"href":"https:\/\/www.sudoestehoje.com.br\/novoportal\/wp-json\/wp\/v2\/posts\/102178","targetHints":{"allow":["GET"]}}],"collection":[{"href":"https:\/\/www.sudoestehoje.com.br\/novoportal\/wp-json\/wp\/v2\/posts"}],"about":[{"href":"https:\/\/www.sudoestehoje.com.br\/novoportal\/wp-json\/wp\/v2\/types\/post"}],"author":[{"embeddable":true,"href":"https:\/\/www.sudoestehoje.com.br\/novoportal\/wp-json\/wp\/v2\/users\/2"}],"replies":[{"embeddable":true,"href":"https:\/\/www.sudoestehoje.com.br\/novoportal\/wp-json\/wp\/v2\/comments?post=102178"}],"version-history":[{"count":5,"href":"https:\/\/www.sudoestehoje.com.br\/novoportal\/wp-json\/wp\/v2\/posts\/102178\/revisions"}],"predecessor-version":[{"id":102185,"href":"https:\/\/www.sudoestehoje.com.br\/novoportal\/wp-json\/wp\/v2\/posts\/102178\/revisions\/102185"}],"wp:featuredmedia":[{"embeddable":true,"href":"https:\/\/www.sudoestehoje.com.br\/novoportal\/wp-json\/wp\/v2\/media\/102181"}],"wp:attachment":[{"href":"https:\/\/www.sudoestehoje.com.br\/novoportal\/wp-json\/wp\/v2\/media?parent=102178"}],"wp:term":[{"taxonomy":"category","embeddable":true,"href":"https:\/\/www.sudoestehoje.com.br\/novoportal\/wp-json\/wp\/v2\/categories?post=102178"},{"taxonomy":"post_tag","embeddable":true,"href":"https:\/\/www.sudoestehoje.com.br\/novoportal\/wp-json\/wp\/v2\/tags?post=102178"}],"curies":[{"name":"wp","href":"https:\/\/api.w.org\/{rel}","templated":true}]}}