
{"id":102144,"date":"2022-05-20T11:41:44","date_gmt":"2022-05-20T14:41:44","guid":{"rendered":"https:\/\/www.sudoestehoje.com.br\/novoportal\/?p=102144"},"modified":"2022-05-20T11:58:27","modified_gmt":"2022-05-20T14:58:27","slug":"itapetinga-tem-carreata-neste-sabado-para-receber-acm-neto","status":"publish","type":"post","link":"https:\/\/www.sudoestehoje.com.br\/novoportal\/2022\/05\/20\/itapetinga-tem-carreata-neste-sabado-para-receber-acm-neto\/","title":{"rendered":"ITAPETINGA TER\u00c1 CARREATA NESTE S\u00c1BADO PARA RECEBER ACM NETO"},"content":{"rendered":"<p><a href=\"https:\/\/www.sudoestehoje.com.br\/novoportal\/wp-content\/uploads\/2022\/05\/WhatsApp-Image-2022-05-20-at-11.38.08.jpeg\"><img loading=\"lazy\" decoding=\"async\" class=\"aligncenter size-medium wp-image-102145\" src=\"https:\/\/www.sudoestehoje.com.br\/novoportal\/wp-content\/uploads\/2022\/05\/WhatsApp-Image-2022-05-20-at-11.38.08-439x700.jpeg\" alt=\"\" width=\"439\" height=\"700\" srcset=\"https:\/\/www.sudoestehoje.com.br\/novoportal\/wp-content\/uploads\/2022\/05\/WhatsApp-Image-2022-05-20-at-11.38.08-439x700.jpeg 439w, https:\/\/www.sudoestehoje.com.br\/novoportal\/wp-content\/uploads\/2022\/05\/WhatsApp-Image-2022-05-20-at-11.38.08-565x900.jpeg 565w, https:\/\/www.sudoestehoje.com.br\/novoportal\/wp-content\/uploads\/2022\/05\/WhatsApp-Image-2022-05-20-at-11.38.08-768x1224.jpeg 768w, https:\/\/www.sudoestehoje.com.br\/novoportal\/wp-content\/uploads\/2022\/05\/WhatsApp-Image-2022-05-20-at-11.38.08-964x1536.jpeg 964w, https:\/\/www.sudoestehoje.com.br\/novoportal\/wp-content\/uploads\/2022\/05\/WhatsApp-Image-2022-05-20-at-11.38.08.jpeg 1004w\" sizes=\"auto, (max-width: 439px) 100vw, 439px\" \/><\/a><\/p>\n<p>Est\u00e1 programada para as 9h deste s\u00e1bado (21), uma grande carreata dos partidos pol\u00edticos que apoiam a pr\u00e9-candidatura de ACM Neto ao governo do estado, em Itapetinga.<\/p>\n<p>Segundo os organizadores, o pr\u00e9-candidato ser\u00e1 recepcionado no aeroporto local, saindo, logo ap\u00f3s, em<strong> carreata pelas ruas da cidade<\/strong> e retornando para o Parque de Exposi\u00e7\u00f5es, onde visitar\u00e1 os pavilh\u00f5es e stands, acompanhado de sua grande comitiva e apoiadores.<\/p>\n<p>A recep\u00e7\u00e3o a ACM Neto em Itapetinga e regi\u00e3o ser\u00e1 coordenada pelo prefeito Rodrigo Hagge e sua equipe de governo, com apoio de todos os partidos da base.<\/p>\n<p><strong><em>Por Davi Ferraz<\/em><\/strong><\/p>\n","protected":false},"excerpt":{"rendered":"<p>Est\u00e1 programada para as 9h deste s\u00e1bado (21), uma grande carreata dos partidos pol\u00edticos que apoiam a pr\u00e9-candidatura de ACM Neto ao governo do estado, em Itapetinga. Segundo os organizadores, o pr\u00e9-candidato ser\u00e1 recepcionado no aeroporto local, saindo, logo ap\u00f3s, em carreata pelas ruas da cidade e retornando para o Parque de Exposi\u00e7\u00f5es, onde visitar\u00e1 [&hellip;]<\/p>\n","protected":false},"author":2,"featured_media":102145,"comment_status":"open","ping_status":"open","sticky":false,"template":"","format":"standard","meta":{"footnotes":"","_links_to":"","_links_to_target":""},"categories":[1],"tags":[],"class_list":["post-102144","post","type-post","status-publish","format-standard","has-post-thumbnail","hentry","category-geral"],"views":973,"_links":{"self":[{"href":"https:\/\/www.sudoestehoje.com.br\/novoportal\/wp-json\/wp\/v2\/posts\/102144","targetHints":{"allow":["GET"]}}],"collection":[{"href":"https:\/\/www.sudoestehoje.com.br\/novoportal\/wp-json\/wp\/v2\/posts"}],"about":[{"href":"https:\/\/www.sudoestehoje.com.br\/novoportal\/wp-json\/wp\/v2\/types\/post"}],"author":[{"embeddable":true,"href":"https:\/\/www.sudoestehoje.com.br\/novoportal\/wp-json\/wp\/v2\/users\/2"}],"replies":[{"embeddable":true,"href":"https:\/\/www.sudoestehoje.com.br\/novoportal\/wp-json\/wp\/v2\/comments?post=102144"}],"version-history":[{"count":4,"href":"https:\/\/www.sudoestehoje.com.br\/novoportal\/wp-json\/wp\/v2\/posts\/102144\/revisions"}],"predecessor-version":[{"id":102149,"href":"https:\/\/www.sudoestehoje.com.br\/novoportal\/wp-json\/wp\/v2\/posts\/102144\/revisions\/102149"}],"wp:featuredmedia":[{"embeddable":true,"href":"https:\/\/www.sudoestehoje.com.br\/novoportal\/wp-json\/wp\/v2\/media\/102145"}],"wp:attachment":[{"href":"https:\/\/www.sudoestehoje.com.br\/novoportal\/wp-json\/wp\/v2\/media?parent=102144"}],"wp:term":[{"taxonomy":"category","embeddable":true,"href":"https:\/\/www.sudoestehoje.com.br\/novoportal\/wp-json\/wp\/v2\/categories?post=102144"},{"taxonomy":"post_tag","embeddable":true,"href":"https:\/\/www.sudoestehoje.com.br\/novoportal\/wp-json\/wp\/v2\/tags?post=102144"}],"curies":[{"name":"wp","href":"https:\/\/api.w.org\/{rel}","templated":true}]}}