
{"id":102093,"date":"2022-05-18T21:19:25","date_gmt":"2022-05-19T00:19:25","guid":{"rendered":"https:\/\/www.sudoestehoje.com.br\/novoportal\/?p=102093"},"modified":"2022-05-18T21:19:25","modified_gmt":"2022-05-19T00:19:25","slug":"itapetinga-vereador-valdeir-arma-confusao-na-camara-para-tentar-melar-aprovacao-das-contas-do-prefeito","status":"publish","type":"post","link":"https:\/\/www.sudoestehoje.com.br\/novoportal\/2022\/05\/18\/itapetinga-vereador-valdeir-arma-confusao-na-camara-para-tentar-melar-aprovacao-das-contas-do-prefeito\/","title":{"rendered":"ITAPETINGA: VEREADOR VALDEIR ARMA CONFUS\u00c3O NA C\u00c2MARA PARA TENTAR MELAR APROVA\u00c7\u00c3O DAS CONTAS DO PREFEITO"},"content":{"rendered":"<p><a href=\"https:\/\/www.sudoestehoje.com.br\/novoportal\/wp-content\/uploads\/2022\/05\/valdeir-som.jpg\"><img loading=\"lazy\" decoding=\"async\" class=\"aligncenter size-full wp-image-102095\" src=\"https:\/\/www.sudoestehoje.com.br\/novoportal\/wp-content\/uploads\/2022\/05\/valdeir-som.jpg\" alt=\"\" width=\"448\" height=\"301\" \/><\/a><\/p>\n<p>Em uma atitude desesperada e desrespeitosa, o vereador Valdeir Chagas (PDT) tentou &#8216;melar&#8217; a vota\u00e7\u00e3o das contas do prefeito Rodrigo Hagge, armando confus\u00e3o com o ex-essessor jur\u00eddico da c\u00e2mara e atual assessor do gabinete do prefeito Rodrigo Hagge, Davi Ferraz, editor deste blog.<\/p>\n<p>Ao tentar ingressar no plen\u00e1rio, pela lateral, como membro da imprensa, Davi foi barrado pelo vereador Valdeir, de forma grosseira e desrespeitosa, bloqueou a porta e impediu a acesso, alegando que a imprensa n\u00e3o poderia entrar no plen\u00e1rio, mesmo ap\u00f3s um pedido de licen\u00e7a, feito de forma respeitosa.<\/p>\n<p>Houve discuss\u00e3o e a sess\u00e3o chegou a ser suspensa por alguns instantes, mas logo retornou \u00e0 normalidade.<\/p>\n<p>A atitude do vereador Valdeir foi deliberada, j\u00e1 que a oposi\u00e7\u00e3o n\u00e3o conta com os votos suficientes para derrotar a base do prefeito, que \u00e9 maioria.<\/p>\n<p><strong><em>Por Davi Ferraz\u00a0<\/em><\/strong><\/p>\n","protected":false},"excerpt":{"rendered":"<p>Em uma atitude desesperada e desrespeitosa, o vereador Valdeir Chagas (PDT) tentou &#8216;melar&#8217; a vota\u00e7\u00e3o das contas do prefeito Rodrigo Hagge, armando confus\u00e3o com o ex-essessor jur\u00eddico da c\u00e2mara e atual assessor do gabinete do prefeito Rodrigo Hagge, Davi Ferraz, editor deste blog. Ao tentar ingressar no plen\u00e1rio, pela lateral, como membro da imprensa, Davi [&hellip;]<\/p>\n","protected":false},"author":2,"featured_media":102095,"comment_status":"open","ping_status":"open","sticky":false,"template":"","format":"standard","meta":{"footnotes":"","_links_to":"","_links_to_target":""},"categories":[1],"tags":[],"class_list":["post-102093","post","type-post","status-publish","format-standard","has-post-thumbnail","hentry","category-geral"],"views":989,"_links":{"self":[{"href":"https:\/\/www.sudoestehoje.com.br\/novoportal\/wp-json\/wp\/v2\/posts\/102093","targetHints":{"allow":["GET"]}}],"collection":[{"href":"https:\/\/www.sudoestehoje.com.br\/novoportal\/wp-json\/wp\/v2\/posts"}],"about":[{"href":"https:\/\/www.sudoestehoje.com.br\/novoportal\/wp-json\/wp\/v2\/types\/post"}],"author":[{"embeddable":true,"href":"https:\/\/www.sudoestehoje.com.br\/novoportal\/wp-json\/wp\/v2\/users\/2"}],"replies":[{"embeddable":true,"href":"https:\/\/www.sudoestehoje.com.br\/novoportal\/wp-json\/wp\/v2\/comments?post=102093"}],"version-history":[{"count":4,"href":"https:\/\/www.sudoestehoje.com.br\/novoportal\/wp-json\/wp\/v2\/posts\/102093\/revisions"}],"predecessor-version":[{"id":102098,"href":"https:\/\/www.sudoestehoje.com.br\/novoportal\/wp-json\/wp\/v2\/posts\/102093\/revisions\/102098"}],"wp:featuredmedia":[{"embeddable":true,"href":"https:\/\/www.sudoestehoje.com.br\/novoportal\/wp-json\/wp\/v2\/media\/102095"}],"wp:attachment":[{"href":"https:\/\/www.sudoestehoje.com.br\/novoportal\/wp-json\/wp\/v2\/media?parent=102093"}],"wp:term":[{"taxonomy":"category","embeddable":true,"href":"https:\/\/www.sudoestehoje.com.br\/novoportal\/wp-json\/wp\/v2\/categories?post=102093"},{"taxonomy":"post_tag","embeddable":true,"href":"https:\/\/www.sudoestehoje.com.br\/novoportal\/wp-json\/wp\/v2\/tags?post=102093"}],"curies":[{"name":"wp","href":"https:\/\/api.w.org\/{rel}","templated":true}]}}