
{"id":102087,"date":"2022-05-18T17:39:03","date_gmt":"2022-05-18T20:39:03","guid":{"rendered":"https:\/\/www.sudoestehoje.com.br\/novoportal\/?p=102087"},"modified":"2022-05-18T17:39:03","modified_gmt":"2022-05-18T20:39:03","slug":"pra-tomar-uma-cervejinha-filho-de-lula-e-assaltado-por-4-criancas-em-sao-paulo","status":"publish","type":"post","link":"https:\/\/www.sudoestehoje.com.br\/novoportal\/2022\/05\/18\/pra-tomar-uma-cervejinha-filho-de-lula-e-assaltado-por-4-criancas-em-sao-paulo\/","title":{"rendered":"&#8216;PRA TOMAR UMA CERVEJINHA&#8217; | FILHO DE LULA \u00c9 ASSALTADO POR 4 &#8216;CRIAN\u00c7AS&#8217; EM S\u00c3O PAULO"},"content":{"rendered":"<p><a href=\"https:\/\/www.sudoestehoje.com.br\/novoportal\/wp-content\/uploads\/2022\/05\/luis_claudio_widelg.jpeg\"><img loading=\"lazy\" decoding=\"async\" class=\"aligncenter size-medium wp-image-102088\" src=\"https:\/\/www.sudoestehoje.com.br\/novoportal\/wp-content\/uploads\/2022\/05\/luis_claudio_widelg-500x281.jpeg\" alt=\"\" width=\"500\" height=\"281\" srcset=\"https:\/\/www.sudoestehoje.com.br\/novoportal\/wp-content\/uploads\/2022\/05\/luis_claudio_widelg-500x281.jpeg 500w, https:\/\/www.sudoestehoje.com.br\/novoportal\/wp-content\/uploads\/2022\/05\/luis_claudio_widelg-700x394.jpeg 700w, https:\/\/www.sudoestehoje.com.br\/novoportal\/wp-content\/uploads\/2022\/05\/luis_claudio_widelg-768x432.jpeg 768w, https:\/\/www.sudoestehoje.com.br\/novoportal\/wp-content\/uploads\/2022\/05\/luis_claudio_widelg.jpeg 800w\" sizes=\"auto, (max-width: 500px) 100vw, 500px\" \/><\/a><\/p>\n<p>O filho do ex-presidente Luiz In\u00e1cio Lula da Silva (PT), Lu\u00eds Cl\u00e1udio, foi v\u00edtima de assalto na noite dessa ter\u00e7a-feira (17). O crime ocorreu na Zona Sul da cidade de S\u00e3o Paulo e na a\u00e7\u00e3o, os suspeitos levaram R$250 e dois aparelhos telef\u00f4nicos.<\/p>\n<p>De acordo com informa\u00e7\u00f5es do site R7, o filho do ex-mandat\u00e1rio estava no tr\u00e2nsito quando foi abordado por quatro jovens, um deles segurava um simulacro de arma de fogo.<\/p>\n<p>Os suspeitos foram presos logo depois da a\u00e7\u00e3o. De acordo com informa\u00e7\u00f5es preliminares, o quatro eram menores de idade. Ainda segundo a pol\u00edcia, dois deles t\u00eam 17 anos, outro 16 anos e mais novo possui 14 anos. Todos eles foram encaminhados para o 27\u00ba Distrito no bairro de Moema, em S\u00e3o Paulo.<\/p>\n<p>Como diz o pr\u00f3prio Lula, roubaram<em> &#8220;pra tomar uma cervejinha&#8221;<\/em>&#8230;<\/p>\n","protected":false},"excerpt":{"rendered":"<p>O filho do ex-presidente Luiz In\u00e1cio Lula da Silva (PT), Lu\u00eds Cl\u00e1udio, foi v\u00edtima de assalto na noite dessa ter\u00e7a-feira (17). O crime ocorreu na Zona Sul da cidade de S\u00e3o Paulo e na a\u00e7\u00e3o, os suspeitos levaram R$250 e dois aparelhos telef\u00f4nicos. De acordo com informa\u00e7\u00f5es do site R7, o filho do ex-mandat\u00e1rio estava [&hellip;]<\/p>\n","protected":false},"author":2,"featured_media":102088,"comment_status":"open","ping_status":"open","sticky":false,"template":"","format":"standard","meta":{"footnotes":"","_links_to":"","_links_to_target":""},"categories":[1],"tags":[],"class_list":["post-102087","post","type-post","status-publish","format-standard","has-post-thumbnail","hentry","category-geral"],"views":940,"_links":{"self":[{"href":"https:\/\/www.sudoestehoje.com.br\/novoportal\/wp-json\/wp\/v2\/posts\/102087","targetHints":{"allow":["GET"]}}],"collection":[{"href":"https:\/\/www.sudoestehoje.com.br\/novoportal\/wp-json\/wp\/v2\/posts"}],"about":[{"href":"https:\/\/www.sudoestehoje.com.br\/novoportal\/wp-json\/wp\/v2\/types\/post"}],"author":[{"embeddable":true,"href":"https:\/\/www.sudoestehoje.com.br\/novoportal\/wp-json\/wp\/v2\/users\/2"}],"replies":[{"embeddable":true,"href":"https:\/\/www.sudoestehoje.com.br\/novoportal\/wp-json\/wp\/v2\/comments?post=102087"}],"version-history":[{"count":4,"href":"https:\/\/www.sudoestehoje.com.br\/novoportal\/wp-json\/wp\/v2\/posts\/102087\/revisions"}],"predecessor-version":[{"id":102092,"href":"https:\/\/www.sudoestehoje.com.br\/novoportal\/wp-json\/wp\/v2\/posts\/102087\/revisions\/102092"}],"wp:featuredmedia":[{"embeddable":true,"href":"https:\/\/www.sudoestehoje.com.br\/novoportal\/wp-json\/wp\/v2\/media\/102088"}],"wp:attachment":[{"href":"https:\/\/www.sudoestehoje.com.br\/novoportal\/wp-json\/wp\/v2\/media?parent=102087"}],"wp:term":[{"taxonomy":"category","embeddable":true,"href":"https:\/\/www.sudoestehoje.com.br\/novoportal\/wp-json\/wp\/v2\/categories?post=102087"},{"taxonomy":"post_tag","embeddable":true,"href":"https:\/\/www.sudoestehoje.com.br\/novoportal\/wp-json\/wp\/v2\/tags?post=102087"}],"curies":[{"name":"wp","href":"https:\/\/api.w.org\/{rel}","templated":true}]}}