
{"id":102070,"date":"2022-05-18T10:57:44","date_gmt":"2022-05-18T13:57:44","guid":{"rendered":"https:\/\/www.sudoestehoje.com.br\/novoportal\/?p=102070"},"modified":"2022-05-18T11:01:22","modified_gmt":"2022-05-18T14:01:22","slug":"acm-neto-sera-recebido-em-itapetinga-com-carreata-e-visita-a-exposicao","status":"publish","type":"post","link":"https:\/\/www.sudoestehoje.com.br\/novoportal\/2022\/05\/18\/acm-neto-sera-recebido-em-itapetinga-com-carreata-e-visita-a-exposicao\/","title":{"rendered":"ACM NETO SER\u00c1 RECEBIDO EM ITAPETINGA COM CARREATA E VISITA \u00c0 EXPOSI\u00c7\u00c3O"},"content":{"rendered":"<p><a href=\"https:\/\/www.sudoestehoje.com.br\/novoportal\/wp-content\/uploads\/2022\/05\/WhatsApp-Image-2021-12-12-at-19.42.23-3-500x375-2.jpeg\"><img loading=\"lazy\" decoding=\"async\" class=\"aligncenter size-full wp-image-102074\" src=\"https:\/\/www.sudoestehoje.com.br\/novoportal\/wp-content\/uploads\/2022\/05\/WhatsApp-Image-2021-12-12-at-19.42.23-3-500x375-2.jpeg\" alt=\"\" width=\"500\" height=\"375\" \/><\/a><\/p>\n<p>Com a presen\u00e7a do pr\u00e9-candidato ACM Neto confirmada para o s\u00e1bado de Exposi\u00e7\u00e3o, em Itapetinga, a milit\u00e2ncia dos partidos que o apoiam (MDB Uni\u00e3o Brasil) j\u00e1 est\u00e1 se organizando para uma grande recep\u00e7\u00e3o no aeroporto, seguido de uma carreata pela cidade e uma chegada triunfante no Parque de Exposi\u00e7\u00f5es Juvino Oliveira.<\/p>\n<p>A chegada do pr\u00e9-candidatos do UB e sua comitiva est\u00e1 prevista para o pr\u00f3ximo s\u00e1bado (21), \u00e0s 10h, no aeroporto local.<\/p>\n<p><strong><em>Por Davi Ferraz<\/em><\/strong><\/p>\n","protected":false},"excerpt":{"rendered":"<p>Com a presen\u00e7a do pr\u00e9-candidato ACM Neto confirmada para o s\u00e1bado de Exposi\u00e7\u00e3o, em Itapetinga, a milit\u00e2ncia dos partidos que o apoiam (MDB Uni\u00e3o Brasil) j\u00e1 est\u00e1 se organizando para uma grande recep\u00e7\u00e3o no aeroporto, seguido de uma carreata pela cidade e uma chegada triunfante no Parque de Exposi\u00e7\u00f5es Juvino Oliveira. A chegada do pr\u00e9-candidatos [&hellip;]<\/p>\n","protected":false},"author":2,"featured_media":102071,"comment_status":"open","ping_status":"open","sticky":false,"template":"","format":"standard","meta":{"footnotes":"","_links_to":"","_links_to_target":""},"categories":[1],"tags":[],"class_list":["post-102070","post","type-post","status-publish","format-standard","has-post-thumbnail","hentry","category-geral"],"views":847,"_links":{"self":[{"href":"https:\/\/www.sudoestehoje.com.br\/novoportal\/wp-json\/wp\/v2\/posts\/102070","targetHints":{"allow":["GET"]}}],"collection":[{"href":"https:\/\/www.sudoestehoje.com.br\/novoportal\/wp-json\/wp\/v2\/posts"}],"about":[{"href":"https:\/\/www.sudoestehoje.com.br\/novoportal\/wp-json\/wp\/v2\/types\/post"}],"author":[{"embeddable":true,"href":"https:\/\/www.sudoestehoje.com.br\/novoportal\/wp-json\/wp\/v2\/users\/2"}],"replies":[{"embeddable":true,"href":"https:\/\/www.sudoestehoje.com.br\/novoportal\/wp-json\/wp\/v2\/comments?post=102070"}],"version-history":[{"count":3,"href":"https:\/\/www.sudoestehoje.com.br\/novoportal\/wp-json\/wp\/v2\/posts\/102070\/revisions"}],"predecessor-version":[{"id":102075,"href":"https:\/\/www.sudoestehoje.com.br\/novoportal\/wp-json\/wp\/v2\/posts\/102070\/revisions\/102075"}],"wp:featuredmedia":[{"embeddable":true,"href":"https:\/\/www.sudoestehoje.com.br\/novoportal\/wp-json\/wp\/v2\/media\/102071"}],"wp:attachment":[{"href":"https:\/\/www.sudoestehoje.com.br\/novoportal\/wp-json\/wp\/v2\/media?parent=102070"}],"wp:term":[{"taxonomy":"category","embeddable":true,"href":"https:\/\/www.sudoestehoje.com.br\/novoportal\/wp-json\/wp\/v2\/categories?post=102070"},{"taxonomy":"post_tag","embeddable":true,"href":"https:\/\/www.sudoestehoje.com.br\/novoportal\/wp-json\/wp\/v2\/tags?post=102070"}],"curies":[{"name":"wp","href":"https:\/\/api.w.org\/{rel}","templated":true}]}}