
{"id":102062,"date":"2022-05-18T09:31:30","date_gmt":"2022-05-18T12:31:30","guid":{"rendered":"https:\/\/www.sudoestehoje.com.br\/novoportal\/?p=102062"},"modified":"2022-05-18T09:31:30","modified_gmt":"2022-05-18T12:31:30","slug":"fundacao-jose-silveira-na-50a-exposicao","status":"publish","type":"post","link":"https:\/\/www.sudoestehoje.com.br\/novoportal\/2022\/05\/18\/fundacao-jose-silveira-na-50a-exposicao\/","title":{"rendered":"FUNDA\u00c7\u00c3O JOS\u00c9 SILVEIRA NA 50\u00aa EXPOSI\u00c7\u00c3O"},"content":{"rendered":"<p><a href=\"https:\/\/www.sudoestehoje.com.br\/novoportal\/wp-content\/uploads\/2022\/05\/WhatsApp-Image-2022-05-18-at-09.15.42.jpeg\"><img loading=\"lazy\" decoding=\"async\" class=\"aligncenter size-medium wp-image-102067\" src=\"https:\/\/www.sudoestehoje.com.br\/novoportal\/wp-content\/uploads\/2022\/05\/WhatsApp-Image-2022-05-18-at-09.15.42-500x257.jpeg\" alt=\"\" width=\"500\" height=\"257\" srcset=\"https:\/\/www.sudoestehoje.com.br\/novoportal\/wp-content\/uploads\/2022\/05\/WhatsApp-Image-2022-05-18-at-09.15.42-500x257.jpeg 500w, https:\/\/www.sudoestehoje.com.br\/novoportal\/wp-content\/uploads\/2022\/05\/WhatsApp-Image-2022-05-18-at-09.15.42-700x360.jpeg 700w, https:\/\/www.sudoestehoje.com.br\/novoportal\/wp-content\/uploads\/2022\/05\/WhatsApp-Image-2022-05-18-at-09.15.42-768x395.jpeg 768w, https:\/\/www.sudoestehoje.com.br\/novoportal\/wp-content\/uploads\/2022\/05\/WhatsApp-Image-2022-05-18-at-09.15.42-1536x790.jpeg 1536w, https:\/\/www.sudoestehoje.com.br\/novoportal\/wp-content\/uploads\/2022\/05\/WhatsApp-Image-2022-05-18-at-09.15.42.jpeg 1600w\" sizes=\"auto, (max-width: 500px) 100vw, 500px\" \/><\/a><\/p>\n<p>Na 50\u00aa Exposi\u00e7\u00e3o Agropecu\u00e1ria de Itapetinga, a Funda\u00e7\u00e3o Jos\u00e9 Silveira se faz presente atrav\u00e9s de um stand instalado no Parque Juvino Oliveira, onde sua equipe atua prestando informa\u00e7\u00f5es sobre as atividades da entidade, em sua parceria com o Hospital Cristo Redentor.<\/p>\n<p>Na noite desta ter\u00e7a-feira (17), o Sudoeste Hoje conversou com o coordenador Alexandre Iossef sobre os avan\u00e7os da FJS na regi\u00e3o e as novas perspectivas do HCR como maior hospital do M\u00e9dio Sudoeste.<\/p>\n<p>No stand, estavam presentes alguns colaboradores da Funda\u00e7\u00e3o e do HCR, que posaram para as c\u00e2meras do blog.<\/p>\n\n\t\t<style type=\"text\/css\">\n\t\t\t#gallery-1 {\n\t\t\t\tmargin: auto;\n\t\t\t}\n\t\t\t#gallery-1 .gallery-item {\n\t\t\t\tfloat: left;\n\t\t\t\tmargin-top: 10px;\n\t\t\t\ttext-align: center;\n\t\t\t\twidth: 33%;\n\t\t\t}\n\t\t\t#gallery-1 img {\n\t\t\t\tborder: 2px solid #cfcfcf;\n\t\t\t}\n\t\t\t#gallery-1 .gallery-caption {\n\t\t\t\tmargin-left: 0;\n\t\t\t}\n\t\t\t\/* see gallery_shortcode() in wp-includes\/media.php *\/\n\t\t<\/style>\n\t\t<div id='gallery-1' class='gallery galleryid-102062 gallery-columns-3 gallery-size-thumbnail'><dl class='gallery-item'>\n\t\t\t<dt class='gallery-icon landscape'>\n\t\t\t\t<a href='https:\/\/www.sudoestehoje.com.br\/novoportal\/2022\/05\/18\/fundacao-jose-silveira-na-50a-exposicao\/whatsapp-image-2022-05-18-at-09-16-55\/'><img loading=\"lazy\" decoding=\"async\" width=\"150\" height=\"150\" src=\"https:\/\/www.sudoestehoje.com.br\/novoportal\/wp-content\/uploads\/2022\/05\/WhatsApp-Image-2022-05-18-at-09.16.55-150x150.jpeg\" class=\"attachment-thumbnail size-thumbnail\" alt=\"\" \/><\/a>\n\t\t\t<\/dt><\/dl><dl class='gallery-item'>\n\t\t\t<dt class='gallery-icon landscape'>\n\t\t\t\t<a href='https:\/\/www.sudoestehoje.com.br\/novoportal\/2022\/05\/18\/fundacao-jose-silveira-na-50a-exposicao\/whatsapp-image-2022-05-18-at-09-17-54\/'><img loading=\"lazy\" decoding=\"async\" width=\"150\" height=\"150\" src=\"https:\/\/www.sudoestehoje.com.br\/novoportal\/wp-content\/uploads\/2022\/05\/WhatsApp-Image-2022-05-18-at-09.17.54-150x150.jpeg\" class=\"attachment-thumbnail size-thumbnail\" alt=\"\" \/><\/a>\n\t\t\t<\/dt><\/dl><dl class='gallery-item'>\n\t\t\t<dt class='gallery-icon landscape'>\n\t\t\t\t<a href='https:\/\/www.sudoestehoje.com.br\/novoportal\/2022\/05\/18\/fundacao-jose-silveira-na-50a-exposicao\/whatsapp-image-2022-05-18-at-09-18-36\/'><img loading=\"lazy\" decoding=\"async\" width=\"150\" height=\"150\" src=\"https:\/\/www.sudoestehoje.com.br\/novoportal\/wp-content\/uploads\/2022\/05\/WhatsApp-Image-2022-05-18-at-09.18.36-150x150.jpeg\" class=\"attachment-thumbnail size-thumbnail\" alt=\"\" \/><\/a>\n\t\t\t<\/dt><\/dl><br style=\"clear: both\" \/>\n\t\t<\/div>\n\n<p><strong><em>Por Davi Ferraz<\/em><\/strong><\/p>\n","protected":false},"excerpt":{"rendered":"<p>Na 50\u00aa Exposi\u00e7\u00e3o Agropecu\u00e1ria de Itapetinga, a Funda\u00e7\u00e3o Jos\u00e9 Silveira se faz presente atrav\u00e9s de um stand instalado no Parque Juvino Oliveira, onde sua equipe atua prestando informa\u00e7\u00f5es sobre as atividades da entidade, em sua parceria com o Hospital Cristo Redentor. Na noite desta ter\u00e7a-feira (17), o Sudoeste Hoje conversou com o coordenador Alexandre Iossef [&hellip;]<\/p>\n","protected":false},"author":2,"featured_media":102067,"comment_status":"open","ping_status":"open","sticky":false,"template":"","format":"standard","meta":{"footnotes":"","_links_to":"","_links_to_target":""},"categories":[1],"tags":[],"class_list":["post-102062","post","type-post","status-publish","format-standard","has-post-thumbnail","hentry","category-geral"],"views":807,"_links":{"self":[{"href":"https:\/\/www.sudoestehoje.com.br\/novoportal\/wp-json\/wp\/v2\/posts\/102062","targetHints":{"allow":["GET"]}}],"collection":[{"href":"https:\/\/www.sudoestehoje.com.br\/novoportal\/wp-json\/wp\/v2\/posts"}],"about":[{"href":"https:\/\/www.sudoestehoje.com.br\/novoportal\/wp-json\/wp\/v2\/types\/post"}],"author":[{"embeddable":true,"href":"https:\/\/www.sudoestehoje.com.br\/novoportal\/wp-json\/wp\/v2\/users\/2"}],"replies":[{"embeddable":true,"href":"https:\/\/www.sudoestehoje.com.br\/novoportal\/wp-json\/wp\/v2\/comments?post=102062"}],"version-history":[{"count":3,"href":"https:\/\/www.sudoestehoje.com.br\/novoportal\/wp-json\/wp\/v2\/posts\/102062\/revisions"}],"predecessor-version":[{"id":102069,"href":"https:\/\/www.sudoestehoje.com.br\/novoportal\/wp-json\/wp\/v2\/posts\/102062\/revisions\/102069"}],"wp:featuredmedia":[{"embeddable":true,"href":"https:\/\/www.sudoestehoje.com.br\/novoportal\/wp-json\/wp\/v2\/media\/102067"}],"wp:attachment":[{"href":"https:\/\/www.sudoestehoje.com.br\/novoportal\/wp-json\/wp\/v2\/media?parent=102062"}],"wp:term":[{"taxonomy":"category","embeddable":true,"href":"https:\/\/www.sudoestehoje.com.br\/novoportal\/wp-json\/wp\/v2\/categories?post=102062"},{"taxonomy":"post_tag","embeddable":true,"href":"https:\/\/www.sudoestehoje.com.br\/novoportal\/wp-json\/wp\/v2\/tags?post=102062"}],"curies":[{"name":"wp","href":"https:\/\/api.w.org\/{rel}","templated":true}]}}