
{"id":101975,"date":"2022-05-12T17:43:45","date_gmt":"2022-05-12T20:43:45","guid":{"rendered":"https:\/\/www.sudoestehoje.com.br\/novoportal\/?p=101975"},"modified":"2022-05-12T17:43:45","modified_gmt":"2022-05-12T20:43:45","slug":"pedro-tavares-volta-a-cobrar-ao-governo-a-recuperacao-da-avenida-julio-jose-rodrigues-em-itapetinga","status":"publish","type":"post","link":"https:\/\/www.sudoestehoje.com.br\/novoportal\/2022\/05\/12\/pedro-tavares-volta-a-cobrar-ao-governo-a-recuperacao-da-avenida-julio-jose-rodrigues-em-itapetinga\/","title":{"rendered":"PEDRO TAVARES VOLTA A COBRAR AO GOVERNO A RECUPERA\u00c7\u00c3O DA AVENIDA JULIO JOS\u00c9 RODRIGUES EM ITAPETINGA"},"content":{"rendered":"<p><a href=\"https:\/\/www.sudoestehoje.com.br\/novoportal\/wp-content\/uploads\/2022\/05\/54407-901467-2022-01-24-16-54-04-1.jpg\"><img loading=\"lazy\" decoding=\"async\" class=\"aligncenter size-medium wp-image-101979\" src=\"https:\/\/www.sudoestehoje.com.br\/novoportal\/wp-content\/uploads\/2022\/05\/54407-901467-2022-01-24-16-54-04-1-500x281.jpg\" alt=\"\" width=\"500\" height=\"281\" srcset=\"https:\/\/www.sudoestehoje.com.br\/novoportal\/wp-content\/uploads\/2022\/05\/54407-901467-2022-01-24-16-54-04-1-500x281.jpg 500w, https:\/\/www.sudoestehoje.com.br\/novoportal\/wp-content\/uploads\/2022\/05\/54407-901467-2022-01-24-16-54-04-1-700x394.jpg 700w, https:\/\/www.sudoestehoje.com.br\/novoportal\/wp-content\/uploads\/2022\/05\/54407-901467-2022-01-24-16-54-04-1-768x432.jpg 768w, https:\/\/www.sudoestehoje.com.br\/novoportal\/wp-content\/uploads\/2022\/05\/54407-901467-2022-01-24-16-54-04-1.jpg 951w\" sizes=\"auto, (max-width: 500px) 100vw, 500px\" \/><\/a><\/p>\n<p>O deputado estadual Pedro Tavares voltou a cobrar do Governo do estado a recupera\u00e7\u00e3o da avenida J\u00falio C\u00e9sar Rodrigues, em Itapetinga. Em pronunciamento na tribuna da Assembleia Legislativa da Bahia (Alba), o deputado relatou a situa\u00e7\u00e3o da via. Como presidente da Comiss\u00e3o de Infraestrutura, Desenvolvimento Econ\u00f4mico e Turismo da Casa Legislativa e representante de Itapetinga, o deputado participou recentemente de uma audi\u00eancia p\u00fablica na C\u00e2mara de Vereadores do Munic\u00edpio, onde foi discutido o estado da avenida.<\/p>\n<p>\u201cLamentavelmente a situa\u00e7\u00e3o da avenida J\u00falio C\u00e9sar Rodrigues, em Itapetinga vem causando transtornos \u00e0 popula\u00e7\u00e3o da cidade, gerando muitos preju\u00edzos aos comerciantes, \u00e0s empresas de \u00f4nibus e a todos que trafegam pelo local. Infelizmente a gest\u00e3o estadual prometeu a reforma, mas at\u00e9 agora n\u00e3o cumpriu. Quero mais uma vez cobrar a sensibilidade do Governo do estado para que recupere logo essa importante via\u201d, afirmou.<\/p>\n","protected":false},"excerpt":{"rendered":"<p>O deputado estadual Pedro Tavares voltou a cobrar do Governo do estado a recupera\u00e7\u00e3o da avenida J\u00falio C\u00e9sar Rodrigues, em Itapetinga. Em pronunciamento na tribuna da Assembleia Legislativa da Bahia (Alba), o deputado relatou a situa\u00e7\u00e3o da via. Como presidente da Comiss\u00e3o de Infraestrutura, Desenvolvimento Econ\u00f4mico e Turismo da Casa Legislativa e representante de Itapetinga, [&hellip;]<\/p>\n","protected":false},"author":2,"featured_media":101979,"comment_status":"open","ping_status":"open","sticky":false,"template":"","format":"standard","meta":{"footnotes":"","_links_to":"","_links_to_target":""},"categories":[1],"tags":[],"class_list":["post-101975","post","type-post","status-publish","format-standard","has-post-thumbnail","hentry","category-geral"],"views":729,"_links":{"self":[{"href":"https:\/\/www.sudoestehoje.com.br\/novoportal\/wp-json\/wp\/v2\/posts\/101975","targetHints":{"allow":["GET"]}}],"collection":[{"href":"https:\/\/www.sudoestehoje.com.br\/novoportal\/wp-json\/wp\/v2\/posts"}],"about":[{"href":"https:\/\/www.sudoestehoje.com.br\/novoportal\/wp-json\/wp\/v2\/types\/post"}],"author":[{"embeddable":true,"href":"https:\/\/www.sudoestehoje.com.br\/novoportal\/wp-json\/wp\/v2\/users\/2"}],"replies":[{"embeddable":true,"href":"https:\/\/www.sudoestehoje.com.br\/novoportal\/wp-json\/wp\/v2\/comments?post=101975"}],"version-history":[{"count":4,"href":"https:\/\/www.sudoestehoje.com.br\/novoportal\/wp-json\/wp\/v2\/posts\/101975\/revisions"}],"predecessor-version":[{"id":101980,"href":"https:\/\/www.sudoestehoje.com.br\/novoportal\/wp-json\/wp\/v2\/posts\/101975\/revisions\/101980"}],"wp:featuredmedia":[{"embeddable":true,"href":"https:\/\/www.sudoestehoje.com.br\/novoportal\/wp-json\/wp\/v2\/media\/101979"}],"wp:attachment":[{"href":"https:\/\/www.sudoestehoje.com.br\/novoportal\/wp-json\/wp\/v2\/media?parent=101975"}],"wp:term":[{"taxonomy":"category","embeddable":true,"href":"https:\/\/www.sudoestehoje.com.br\/novoportal\/wp-json\/wp\/v2\/categories?post=101975"},{"taxonomy":"post_tag","embeddable":true,"href":"https:\/\/www.sudoestehoje.com.br\/novoportal\/wp-json\/wp\/v2\/tags?post=101975"}],"curies":[{"name":"wp","href":"https:\/\/api.w.org\/{rel}","templated":true}]}}