
{"id":101951,"date":"2022-05-11T12:12:27","date_gmt":"2022-05-11T15:12:27","guid":{"rendered":"https:\/\/www.sudoestehoje.com.br\/novoportal\/?p=101951"},"modified":"2022-05-11T22:14:09","modified_gmt":"2022-05-12T01:14:09","slug":"itapetinga-abastecimento-de-agua-sera-interrompido-no-periodo-da-tarde-desta-quarta-feira-para-vilas-e-nova-itapetinga","status":"publish","type":"post","link":"https:\/\/www.sudoestehoje.com.br\/novoportal\/2022\/05\/11\/itapetinga-abastecimento-de-agua-sera-interrompido-no-periodo-da-tarde-desta-quarta-feira-para-vilas-e-nova-itapetinga\/","title":{"rendered":"ITAPETINGA: ABASTECIMENTO DE \u00c1GUA SER\u00c1 INTERROMPIDO NO PER\u00cdODO DA TARDE DESTA QUARTA-FEIRA PARA VILAS E NOVA ITAPETINGA"},"content":{"rendered":"<p><a href=\"https:\/\/www.sudoestehoje.com.br\/novoportal\/wp-content\/uploads\/2022\/05\/WhatsApp-Image-2022-05-11-at-08.17.52.jpeg\"><img loading=\"lazy\" decoding=\"async\" class=\"aligncenter size-medium wp-image-101952\" src=\"https:\/\/www.sudoestehoje.com.br\/novoportal\/wp-content\/uploads\/2022\/05\/WhatsApp-Image-2022-05-11-at-08.17.52-500x500.jpeg\" alt=\"\" width=\"500\" height=\"500\" srcset=\"https:\/\/www.sudoestehoje.com.br\/novoportal\/wp-content\/uploads\/2022\/05\/WhatsApp-Image-2022-05-11-at-08.17.52-500x500.jpeg 500w, https:\/\/www.sudoestehoje.com.br\/novoportal\/wp-content\/uploads\/2022\/05\/WhatsApp-Image-2022-05-11-at-08.17.52-700x700.jpeg 700w, https:\/\/www.sudoestehoje.com.br\/novoportal\/wp-content\/uploads\/2022\/05\/WhatsApp-Image-2022-05-11-at-08.17.52-150x150.jpeg 150w, https:\/\/www.sudoestehoje.com.br\/novoportal\/wp-content\/uploads\/2022\/05\/WhatsApp-Image-2022-05-11-at-08.17.52-768x768.jpeg 768w, https:\/\/www.sudoestehoje.com.br\/novoportal\/wp-content\/uploads\/2022\/05\/WhatsApp-Image-2022-05-11-at-08.17.52.jpeg 1280w\" sizes=\"auto, (max-width: 500px) 100vw, 500px\" \/><\/a><\/p>\n<p>O SAAE informa aos seus usu\u00e1rios que uma necess\u00e1ria interven\u00e7\u00e3o na rede de \u00e1gua que passa pela Rua Conde\u00faba provocar\u00e1 a interrup\u00e7\u00e3o do abastecimento a partir das 13:00h de hoje, 11\/05, para a seguintes localidades:<\/p>\n<p>Nova Itapetinga, Residencial Moacyr Moura, Casas Populares, Vila Rosa, Vila Riach\u00e3o, Vila Suzano, Jardim Esperan\u00e7a, Hilda Gama, Vila Aurora, Clerol\u00e2ndia, Vila Isabel, Cidade Jardim, Residenciais Cassiano Gon\u00e7alves e Neto Fernandes e parte do Clodoaldo Costa e Ot\u00e1vio Cam\u00f5es.<\/p>\n<p>Solicitamos a economia no uso da \u00e1gua do reservat\u00f3rio residencial durante esse per\u00edodo.<\/p>\n<p>O SAAE informar\u00e1 t\u00e3o logo o abastecimento seja restabelecido. <em>\/\/Ascom SAAE<\/em><\/p>\n<p><a href=\"https:\/\/www.sudoestehoje.com.br\/novoportal\/wp-content\/uploads\/2022\/05\/WhatsApp-Image-2022-05-11-at-17.58.39.jpeg\"><img loading=\"lazy\" decoding=\"async\" class=\"aligncenter size-medium wp-image-101960\" src=\"https:\/\/www.sudoestehoje.com.br\/novoportal\/wp-content\/uploads\/2022\/05\/WhatsApp-Image-2022-05-11-at-17.58.39-500x167.jpeg\" alt=\"\" width=\"500\" height=\"167\" srcset=\"https:\/\/www.sudoestehoje.com.br\/novoportal\/wp-content\/uploads\/2022\/05\/WhatsApp-Image-2022-05-11-at-17.58.39-500x167.jpeg 500w, https:\/\/www.sudoestehoje.com.br\/novoportal\/wp-content\/uploads\/2022\/05\/WhatsApp-Image-2022-05-11-at-17.58.39-700x233.jpeg 700w, https:\/\/www.sudoestehoje.com.br\/novoportal\/wp-content\/uploads\/2022\/05\/WhatsApp-Image-2022-05-11-at-17.58.39-768x256.jpeg 768w, https:\/\/www.sudoestehoje.com.br\/novoportal\/wp-content\/uploads\/2022\/05\/WhatsApp-Image-2022-05-11-at-17.58.39.jpeg 1024w\" sizes=\"auto, (max-width: 500px) 100vw, 500px\" \/><\/a><\/p>\n","protected":false},"excerpt":{"rendered":"<p>O SAAE informa aos seus usu\u00e1rios que uma necess\u00e1ria interven\u00e7\u00e3o na rede de \u00e1gua que passa pela Rua Conde\u00faba provocar\u00e1 a interrup\u00e7\u00e3o do abastecimento a partir das 13:00h de hoje, 11\/05, para a seguintes localidades: Nova Itapetinga, Residencial Moacyr Moura, Casas Populares, Vila Rosa, Vila Riach\u00e3o, Vila Suzano, Jardim Esperan\u00e7a, Hilda Gama, Vila Aurora, Clerol\u00e2ndia, [&hellip;]<\/p>\n","protected":false},"author":2,"featured_media":101952,"comment_status":"open","ping_status":"open","sticky":false,"template":"","format":"standard","meta":{"footnotes":"","_links_to":"","_links_to_target":""},"categories":[1],"tags":[],"class_list":["post-101951","post","type-post","status-publish","format-standard","has-post-thumbnail","hentry","category-geral"],"views":997,"_links":{"self":[{"href":"https:\/\/www.sudoestehoje.com.br\/novoportal\/wp-json\/wp\/v2\/posts\/101951","targetHints":{"allow":["GET"]}}],"collection":[{"href":"https:\/\/www.sudoestehoje.com.br\/novoportal\/wp-json\/wp\/v2\/posts"}],"about":[{"href":"https:\/\/www.sudoestehoje.com.br\/novoportal\/wp-json\/wp\/v2\/types\/post"}],"author":[{"embeddable":true,"href":"https:\/\/www.sudoestehoje.com.br\/novoportal\/wp-json\/wp\/v2\/users\/2"}],"replies":[{"embeddable":true,"href":"https:\/\/www.sudoestehoje.com.br\/novoportal\/wp-json\/wp\/v2\/comments?post=101951"}],"version-history":[{"count":3,"href":"https:\/\/www.sudoestehoje.com.br\/novoportal\/wp-json\/wp\/v2\/posts\/101951\/revisions"}],"predecessor-version":[{"id":101961,"href":"https:\/\/www.sudoestehoje.com.br\/novoportal\/wp-json\/wp\/v2\/posts\/101951\/revisions\/101961"}],"wp:featuredmedia":[{"embeddable":true,"href":"https:\/\/www.sudoestehoje.com.br\/novoportal\/wp-json\/wp\/v2\/media\/101952"}],"wp:attachment":[{"href":"https:\/\/www.sudoestehoje.com.br\/novoportal\/wp-json\/wp\/v2\/media?parent=101951"}],"wp:term":[{"taxonomy":"category","embeddable":true,"href":"https:\/\/www.sudoestehoje.com.br\/novoportal\/wp-json\/wp\/v2\/categories?post=101951"},{"taxonomy":"post_tag","embeddable":true,"href":"https:\/\/www.sudoestehoje.com.br\/novoportal\/wp-json\/wp\/v2\/tags?post=101951"}],"curies":[{"name":"wp","href":"https:\/\/api.w.org\/{rel}","templated":true}]}}