
{"id":101948,"date":"2022-05-11T11:56:56","date_gmt":"2022-05-11T14:56:56","guid":{"rendered":"https:\/\/www.sudoestehoje.com.br\/novoportal\/?p=101948"},"modified":"2022-05-11T22:14:49","modified_gmt":"2022-05-12T01:14:49","slug":"bolsonaro-demite-ministro-apos-aumento-do-diesel-decretado-pela-petrobras","status":"publish","type":"post","link":"https:\/\/www.sudoestehoje.com.br\/novoportal\/2022\/05\/11\/bolsonaro-demite-ministro-apos-aumento-do-diesel-decretado-pela-petrobras\/","title":{"rendered":"BOLSONARO DEMITE MINISTRO AP\u00d3S AUMENTO DO DIESEL DECRETADO PELA PETROBRAS"},"content":{"rendered":"<p><a href=\"https:\/\/www.sudoestehoje.com.br\/novoportal\/wp-content\/uploads\/2022\/05\/123129bolsonaro-exonera-ministro-de-minas-e-energia-apos-novo-reajuste-da-petrobras-3-550x259-1.jpg\"><img loading=\"lazy\" decoding=\"async\" class=\"aligncenter size-medium wp-image-101949\" src=\"https:\/\/www.sudoestehoje.com.br\/novoportal\/wp-content\/uploads\/2022\/05\/123129bolsonaro-exonera-ministro-de-minas-e-energia-apos-novo-reajuste-da-petrobras-3-550x259-1-500x235.jpg\" alt=\"\" width=\"500\" height=\"235\" srcset=\"https:\/\/www.sudoestehoje.com.br\/novoportal\/wp-content\/uploads\/2022\/05\/123129bolsonaro-exonera-ministro-de-minas-e-energia-apos-novo-reajuste-da-petrobras-3-550x259-1-500x235.jpg 500w, https:\/\/www.sudoestehoje.com.br\/novoportal\/wp-content\/uploads\/2022\/05\/123129bolsonaro-exonera-ministro-de-minas-e-energia-apos-novo-reajuste-da-petrobras-3-550x259-1.jpg 550w\" sizes=\"auto, (max-width: 500px) 100vw, 500px\" \/><\/a><\/p>\n<p>Ap\u00f3s novo reajuste da Petrobras no pre\u00e7o do diesel, o presidente Jair Bolsonaro (PL) exonerou o ministro de Minas e Energia, Bento Albuquerque. Decis\u00e3o foi anunciada na edi\u00e7\u00e3o do Di\u00e1rio Oficial da Uni\u00e3o desta quarta-feira (11). Adolfo Sachsida assume o cargo no lugar de Albuquerque.<\/p>\n<p>A estatal informou, nesta segunda-feira (9), que o pre\u00e7o m\u00e9dio do combust\u00edvel teria uma alta de 8,87% nas refinarias. O novo aumento fez o pre\u00e7o m\u00e9dio ir de R$4,51 para R$4,91 por litro, segundo o jornal Folha de S. Paulo.<\/p>\n<p><a href=\"https:\/\/www.sudoestehoje.com.br\/novoportal\/wp-content\/uploads\/2022\/05\/WhatsApp-Image-2022-05-11-at-17.58.39.jpeg\"><img loading=\"lazy\" decoding=\"async\" class=\"aligncenter size-medium wp-image-101960\" src=\"https:\/\/www.sudoestehoje.com.br\/novoportal\/wp-content\/uploads\/2022\/05\/WhatsApp-Image-2022-05-11-at-17.58.39-500x167.jpeg\" alt=\"\" width=\"500\" height=\"167\" srcset=\"https:\/\/www.sudoestehoje.com.br\/novoportal\/wp-content\/uploads\/2022\/05\/WhatsApp-Image-2022-05-11-at-17.58.39-500x167.jpeg 500w, https:\/\/www.sudoestehoje.com.br\/novoportal\/wp-content\/uploads\/2022\/05\/WhatsApp-Image-2022-05-11-at-17.58.39-700x233.jpeg 700w, https:\/\/www.sudoestehoje.com.br\/novoportal\/wp-content\/uploads\/2022\/05\/WhatsApp-Image-2022-05-11-at-17.58.39-768x256.jpeg 768w, https:\/\/www.sudoestehoje.com.br\/novoportal\/wp-content\/uploads\/2022\/05\/WhatsApp-Image-2022-05-11-at-17.58.39.jpeg 1024w\" sizes=\"auto, (max-width: 500px) 100vw, 500px\" \/><\/a><\/p>\n","protected":false},"excerpt":{"rendered":"<p>Ap\u00f3s novo reajuste da Petrobras no pre\u00e7o do diesel, o presidente Jair Bolsonaro (PL) exonerou o ministro de Minas e Energia, Bento Albuquerque. Decis\u00e3o foi anunciada na edi\u00e7\u00e3o do Di\u00e1rio Oficial da Uni\u00e3o desta quarta-feira (11). Adolfo Sachsida assume o cargo no lugar de Albuquerque. A estatal informou, nesta segunda-feira (9), que o pre\u00e7o m\u00e9dio [&hellip;]<\/p>\n","protected":false},"author":2,"featured_media":101949,"comment_status":"open","ping_status":"open","sticky":false,"template":"","format":"standard","meta":{"footnotes":"","_links_to":"","_links_to_target":""},"categories":[1],"tags":[],"class_list":["post-101948","post","type-post","status-publish","format-standard","has-post-thumbnail","hentry","category-geral"],"views":857,"_links":{"self":[{"href":"https:\/\/www.sudoestehoje.com.br\/novoportal\/wp-json\/wp\/v2\/posts\/101948","targetHints":{"allow":["GET"]}}],"collection":[{"href":"https:\/\/www.sudoestehoje.com.br\/novoportal\/wp-json\/wp\/v2\/posts"}],"about":[{"href":"https:\/\/www.sudoestehoje.com.br\/novoportal\/wp-json\/wp\/v2\/types\/post"}],"author":[{"embeddable":true,"href":"https:\/\/www.sudoestehoje.com.br\/novoportal\/wp-json\/wp\/v2\/users\/2"}],"replies":[{"embeddable":true,"href":"https:\/\/www.sudoestehoje.com.br\/novoportal\/wp-json\/wp\/v2\/comments?post=101948"}],"version-history":[{"count":2,"href":"https:\/\/www.sudoestehoje.com.br\/novoportal\/wp-json\/wp\/v2\/posts\/101948\/revisions"}],"predecessor-version":[{"id":101962,"href":"https:\/\/www.sudoestehoje.com.br\/novoportal\/wp-json\/wp\/v2\/posts\/101948\/revisions\/101962"}],"wp:featuredmedia":[{"embeddable":true,"href":"https:\/\/www.sudoestehoje.com.br\/novoportal\/wp-json\/wp\/v2\/media\/101949"}],"wp:attachment":[{"href":"https:\/\/www.sudoestehoje.com.br\/novoportal\/wp-json\/wp\/v2\/media?parent=101948"}],"wp:term":[{"taxonomy":"category","embeddable":true,"href":"https:\/\/www.sudoestehoje.com.br\/novoportal\/wp-json\/wp\/v2\/categories?post=101948"},{"taxonomy":"post_tag","embeddable":true,"href":"https:\/\/www.sudoestehoje.com.br\/novoportal\/wp-json\/wp\/v2\/tags?post=101948"}],"curies":[{"name":"wp","href":"https:\/\/api.w.org\/{rel}","templated":true}]}}