
{"id":101917,"date":"2022-05-09T09:52:35","date_gmt":"2022-05-09T12:52:35","guid":{"rendered":"https:\/\/www.sudoestehoje.com.br\/novoportal\/?p=101917"},"modified":"2022-05-09T10:29:17","modified_gmt":"2022-05-09T13:29:17","slug":"acm-neto-confirma-presenca-em-itapetinga-durante-exposicao-agropecuaria","status":"publish","type":"post","link":"https:\/\/www.sudoestehoje.com.br\/novoportal\/2022\/05\/09\/acm-neto-confirma-presenca-em-itapetinga-durante-exposicao-agropecuaria\/","title":{"rendered":"ACM NETO CONFIRMA PRESEN\u00c7A EM ITAPETINGA DURANTE EXPOSI\u00c7\u00c3O AGROPECU\u00c1RIA"},"content":{"rendered":"<p><a href=\"https:\/\/www.sudoestehoje.com.br\/novoportal\/wp-content\/uploads\/2022\/05\/WhatsApp-Image-2021-12-12-at-19.22.22.jpeg\"><img loading=\"lazy\" decoding=\"async\" class=\"aligncenter size-medium wp-image-101920\" src=\"https:\/\/www.sudoestehoje.com.br\/novoportal\/wp-content\/uploads\/2022\/05\/WhatsApp-Image-2021-12-12-at-19.22.22-500x310.jpeg\" alt=\"\" width=\"500\" height=\"310\" srcset=\"https:\/\/www.sudoestehoje.com.br\/novoportal\/wp-content\/uploads\/2022\/05\/WhatsApp-Image-2021-12-12-at-19.22.22-500x310.jpeg 500w, https:\/\/www.sudoestehoje.com.br\/novoportal\/wp-content\/uploads\/2022\/05\/WhatsApp-Image-2021-12-12-at-19.22.22-700x434.jpeg 700w, https:\/\/www.sudoestehoje.com.br\/novoportal\/wp-content\/uploads\/2022\/05\/WhatsApp-Image-2021-12-12-at-19.22.22-768x476.jpeg 768w, https:\/\/www.sudoestehoje.com.br\/novoportal\/wp-content\/uploads\/2022\/05\/WhatsApp-Image-2021-12-12-at-19.22.22.jpeg 929w\" sizes=\"auto, (max-width: 500px) 100vw, 500px\" \/><\/a><\/p>\n<p>O pr\u00e9-candidato ao governo da Bahia, ACM Neto (UB), acaba de confirmar a sua presen\u00e7a em Itapetinga durante a 50\u00aa Exposi\u00e7\u00e3o Agropecu\u00e1ria, maior festa da pecu\u00e1ria da Bahia.<\/p>\n<p>Segundo fontes ligadas ao gabinete do prefeito Rodrigo Hagge, a chegada do l\u00edder pol\u00edtico est\u00e1 prevista para as 10h do dia 21, s\u00e1bado, quando far\u00e1 uma visita ao Parque Juvino Oliveira, acompanhado pelo prefeito Rodrigo Hagge, deputados e lideran\u00e7as regionais.<\/p>\n<p>A 50\u00aa Exposi\u00e7\u00e3o Agropecu\u00e1ria de Itapetinga ser\u00e1 realizada entre os dias 13 a 22 de maio.<\/p>\n<p><strong><em>Por Davi Ferraz\u00a0<\/em><\/strong><\/p>\n","protected":false},"excerpt":{"rendered":"<p>O pr\u00e9-candidato ao governo da Bahia, ACM Neto (UB), acaba de confirmar a sua presen\u00e7a em Itapetinga durante a 50\u00aa Exposi\u00e7\u00e3o Agropecu\u00e1ria, maior festa da pecu\u00e1ria da Bahia. Segundo fontes ligadas ao gabinete do prefeito Rodrigo Hagge, a chegada do l\u00edder pol\u00edtico est\u00e1 prevista para as 10h do dia 21, s\u00e1bado, quando far\u00e1 uma visita [&hellip;]<\/p>\n","protected":false},"author":2,"featured_media":101920,"comment_status":"open","ping_status":"open","sticky":false,"template":"","format":"standard","meta":{"footnotes":"","_links_to":"","_links_to_target":""},"categories":[1],"tags":[],"class_list":["post-101917","post","type-post","status-publish","format-standard","has-post-thumbnail","hentry","category-geral"],"views":1056,"_links":{"self":[{"href":"https:\/\/www.sudoestehoje.com.br\/novoportal\/wp-json\/wp\/v2\/posts\/101917","targetHints":{"allow":["GET"]}}],"collection":[{"href":"https:\/\/www.sudoestehoje.com.br\/novoportal\/wp-json\/wp\/v2\/posts"}],"about":[{"href":"https:\/\/www.sudoestehoje.com.br\/novoportal\/wp-json\/wp\/v2\/types\/post"}],"author":[{"embeddable":true,"href":"https:\/\/www.sudoestehoje.com.br\/novoportal\/wp-json\/wp\/v2\/users\/2"}],"replies":[{"embeddable":true,"href":"https:\/\/www.sudoestehoje.com.br\/novoportal\/wp-json\/wp\/v2\/comments?post=101917"}],"version-history":[{"count":2,"href":"https:\/\/www.sudoestehoje.com.br\/novoportal\/wp-json\/wp\/v2\/posts\/101917\/revisions"}],"predecessor-version":[{"id":101921,"href":"https:\/\/www.sudoestehoje.com.br\/novoportal\/wp-json\/wp\/v2\/posts\/101917\/revisions\/101921"}],"wp:featuredmedia":[{"embeddable":true,"href":"https:\/\/www.sudoestehoje.com.br\/novoportal\/wp-json\/wp\/v2\/media\/101920"}],"wp:attachment":[{"href":"https:\/\/www.sudoestehoje.com.br\/novoportal\/wp-json\/wp\/v2\/media?parent=101917"}],"wp:term":[{"taxonomy":"category","embeddable":true,"href":"https:\/\/www.sudoestehoje.com.br\/novoportal\/wp-json\/wp\/v2\/categories?post=101917"},{"taxonomy":"post_tag","embeddable":true,"href":"https:\/\/www.sudoestehoje.com.br\/novoportal\/wp-json\/wp\/v2\/tags?post=101917"}],"curies":[{"name":"wp","href":"https:\/\/api.w.org\/{rel}","templated":true}]}}