
{"id":101879,"date":"2022-05-06T17:37:09","date_gmt":"2022-05-06T20:37:09","guid":{"rendered":"https:\/\/www.sudoestehoje.com.br\/novoportal\/?p=101879"},"modified":"2022-05-06T17:37:09","modified_gmt":"2022-05-06T20:37:09","slug":"vereador-joao-de-deus-solicita-volta-do-posto-policial-na-praca-de-taxi-e-reforma-do-posto-da-pm-na-vila-riachao","status":"publish","type":"post","link":"https:\/\/www.sudoestehoje.com.br\/novoportal\/2022\/05\/06\/vereador-joao-de-deus-solicita-volta-do-posto-policial-na-praca-de-taxi-e-reforma-do-posto-da-pm-na-vila-riachao\/","title":{"rendered":"VEREADOR JO\u00c3O DE DEUS SOLICITA VOLTA DO POSTO POLICIAL NA PRA\u00c7A DE TAXI E REFORMA DO POSTO DA PM NA VILA RIACH\u00c3O"},"content":{"rendered":"<p><a href=\"https:\/\/www.sudoestehoje.com.br\/novoportal\/wp-content\/uploads\/2022\/05\/WhatsApp-Image-2022-05-06-at-17.33.26.jpeg\"><img loading=\"lazy\" decoding=\"async\" class=\"aligncenter size-medium wp-image-101881\" src=\"https:\/\/www.sudoestehoje.com.br\/novoportal\/wp-content\/uploads\/2022\/05\/WhatsApp-Image-2022-05-06-at-17.33.26-500x225.jpeg\" alt=\"\" width=\"500\" height=\"225\" srcset=\"https:\/\/www.sudoestehoje.com.br\/novoportal\/wp-content\/uploads\/2022\/05\/WhatsApp-Image-2022-05-06-at-17.33.26-500x225.jpeg 500w, https:\/\/www.sudoestehoje.com.br\/novoportal\/wp-content\/uploads\/2022\/05\/WhatsApp-Image-2022-05-06-at-17.33.26-700x315.jpeg 700w, https:\/\/www.sudoestehoje.com.br\/novoportal\/wp-content\/uploads\/2022\/05\/WhatsApp-Image-2022-05-06-at-17.33.26-768x346.jpeg 768w, https:\/\/www.sudoestehoje.com.br\/novoportal\/wp-content\/uploads\/2022\/05\/WhatsApp-Image-2022-05-06-at-17.33.26-1536x692.jpeg 1536w, https:\/\/www.sudoestehoje.com.br\/novoportal\/wp-content\/uploads\/2022\/05\/WhatsApp-Image-2022-05-06-at-17.33.26.jpeg 1600w\" sizes=\"auto, (max-width: 500px) 100vw, 500px\" \/><\/a><\/p>\n<p>Acompanhado dos oficiais da PM Major Vandilson, Capit\u00e3o Paulo e do Tenente Wilton, o vereador Jo\u00e3o de Deus (MDB) se reuniu com o prefeito Rodrigo Hagge, na manh\u00e3 desta quinta-feira (5), para reivindicar o retorno do posto policial da <strong>PM na Pra\u00e7a Augusto de Carvalho<\/strong>, conhecida como &#8220;Pra\u00e7a dos Taxis&#8221;, no centro comercial de Itapetinga, desativado h\u00e1 alguns anos.<\/p>\n<p>O atuante Vereador solicitou tamb\u00e9m a reforma do posto policial da Vila Riachao, que se encontra em situa\u00e7\u00e3o prec\u00e1ria, para que a PM atue com melhores condi\u00e7\u00f5es nas Vilas.<\/p>\n<p>Jo\u00e3o e o comando da PM justificaram o pedido ao prefeito mostrando a necessidade de uma presen\u00e7a permanente da pol\u00edcia nestes locais, como forma de dar maior seguran\u00e7a a quem circula pelo com\u00e9rcio local o pelos referidos bairros, onde a escalada da viol\u00eancia vem aumentando.<\/p>\n<p>Receptivo ao pedido do edil e da PM, o prefeito Rodrigo Hagge garantiu que ir\u00e1 adotar provid\u00eancias para atender essas demandas, por serem de interesse do munic\u00edpio e da popula\u00e7\u00e3o.<\/p>\n<p><strong><em>Por Davi Ferraz\u00a0<\/em><\/strong><\/p>\n","protected":false},"excerpt":{"rendered":"<p>Acompanhado dos oficiais da PM Major Vandilson, Capit\u00e3o Paulo e do Tenente Wilton, o vereador Jo\u00e3o de Deus (MDB) se reuniu com o prefeito Rodrigo Hagge, na manh\u00e3 desta quinta-feira (5), para reivindicar o retorno do posto policial da PM na Pra\u00e7a Augusto de Carvalho, conhecida como &#8220;Pra\u00e7a dos Taxis&#8221;, no centro comercial de Itapetinga, [&hellip;]<\/p>\n","protected":false},"author":2,"featured_media":101881,"comment_status":"open","ping_status":"open","sticky":false,"template":"","format":"standard","meta":{"footnotes":"","_links_to":"","_links_to_target":""},"categories":[1],"tags":[],"class_list":["post-101879","post","type-post","status-publish","format-standard","has-post-thumbnail","hentry","category-geral"],"views":796,"_links":{"self":[{"href":"https:\/\/www.sudoestehoje.com.br\/novoportal\/wp-json\/wp\/v2\/posts\/101879","targetHints":{"allow":["GET"]}}],"collection":[{"href":"https:\/\/www.sudoestehoje.com.br\/novoportal\/wp-json\/wp\/v2\/posts"}],"about":[{"href":"https:\/\/www.sudoestehoje.com.br\/novoportal\/wp-json\/wp\/v2\/types\/post"}],"author":[{"embeddable":true,"href":"https:\/\/www.sudoestehoje.com.br\/novoportal\/wp-json\/wp\/v2\/users\/2"}],"replies":[{"embeddable":true,"href":"https:\/\/www.sudoestehoje.com.br\/novoportal\/wp-json\/wp\/v2\/comments?post=101879"}],"version-history":[{"count":2,"href":"https:\/\/www.sudoestehoje.com.br\/novoportal\/wp-json\/wp\/v2\/posts\/101879\/revisions"}],"predecessor-version":[{"id":101882,"href":"https:\/\/www.sudoestehoje.com.br\/novoportal\/wp-json\/wp\/v2\/posts\/101879\/revisions\/101882"}],"wp:featuredmedia":[{"embeddable":true,"href":"https:\/\/www.sudoestehoje.com.br\/novoportal\/wp-json\/wp\/v2\/media\/101881"}],"wp:attachment":[{"href":"https:\/\/www.sudoestehoje.com.br\/novoportal\/wp-json\/wp\/v2\/media?parent=101879"}],"wp:term":[{"taxonomy":"category","embeddable":true,"href":"https:\/\/www.sudoestehoje.com.br\/novoportal\/wp-json\/wp\/v2\/categories?post=101879"},{"taxonomy":"post_tag","embeddable":true,"href":"https:\/\/www.sudoestehoje.com.br\/novoportal\/wp-json\/wp\/v2\/tags?post=101879"}],"curies":[{"name":"wp","href":"https:\/\/api.w.org\/{rel}","templated":true}]}}