
{"id":101873,"date":"2022-05-06T12:20:11","date_gmt":"2022-05-06T15:20:11","guid":{"rendered":"https:\/\/www.sudoestehoje.com.br\/novoportal\/?p=101873"},"modified":"2022-05-06T17:12:58","modified_gmt":"2022-05-06T20:12:58","slug":"luto-morre-dona-maria-edite-mae-do-vereador-joao-de-deus","status":"publish","type":"post","link":"https:\/\/www.sudoestehoje.com.br\/novoportal\/2022\/05\/06\/luto-morre-dona-maria-edite-mae-do-vereador-joao-de-deus\/","title":{"rendered":"LUTO | MORRE DONA MARIA EDITE, M\u00c3E DO VEREADOR JO\u00c3O DE DEUS"},"content":{"rendered":"<p><a href=\"https:\/\/www.sudoestehoje.com.br\/novoportal\/wp-content\/uploads\/2022\/05\/WhatsApp-Image-2022-05-06-at-12.15.57.jpeg\"><img loading=\"lazy\" decoding=\"async\" class=\"aligncenter size-medium wp-image-101876\" src=\"https:\/\/www.sudoestehoje.com.br\/novoportal\/wp-content\/uploads\/2022\/05\/WhatsApp-Image-2022-05-06-at-12.15.57-500x500.jpeg\" alt=\"\" width=\"500\" height=\"500\" srcset=\"https:\/\/www.sudoestehoje.com.br\/novoportal\/wp-content\/uploads\/2022\/05\/WhatsApp-Image-2022-05-06-at-12.15.57-500x500.jpeg 500w, https:\/\/www.sudoestehoje.com.br\/novoportal\/wp-content\/uploads\/2022\/05\/WhatsApp-Image-2022-05-06-at-12.15.57-150x150.jpeg 150w, https:\/\/www.sudoestehoje.com.br\/novoportal\/wp-content\/uploads\/2022\/05\/WhatsApp-Image-2022-05-06-at-12.15.57.jpeg 640w\" sizes=\"auto, (max-width: 500px) 100vw, 500px\" \/><\/a><\/p>\n<p>Faleceu na manh\u00e3 desta sexta-feira (6), na UTI do Hospital Cristo Redentor\/FJS, em Itapetinga, a Sra. Maria Edite Freire Moreira, m\u00e3e do vereador Jo\u00e3o de Deus (MDB), de causas naturais.<\/p>\n<p>Dona Nega, como era conhecida, tinha 84 anos de idade e j\u00e1 vinha adoentada, sendo necess\u00e1ria a sua interna\u00e7\u00e3o em unidade hospitalar, onde veio a falecer.<\/p>\n<p>O Sudoeste Hoje lamenta a grande perda, estendendo ao amigo Jo\u00e3o de Deus e familiares, seus sinceros sentimentos.<\/p>\n<p>FUNERAL<\/p>\n<p>O corpo est\u00e1 sendo velado na 2\u00aa Igreja Batista, localizada na Pra\u00e7a 15 de Novembro, Clerol\u00e2ndia, e ser\u00e1 sepultado \u00e0s 9h deste deste s\u00e1bado.<\/p>\n<p><em><strong>Por Davi Ferraz<\/strong><\/em><\/p>\n","protected":false},"excerpt":{"rendered":"<p>Faleceu na manh\u00e3 desta sexta-feira (6), na UTI do Hospital Cristo Redentor\/FJS, em Itapetinga, a Sra. Maria Edite Freire Moreira, m\u00e3e do vereador Jo\u00e3o de Deus (MDB), de causas naturais. Dona Nega, como era conhecida, tinha 84 anos de idade e j\u00e1 vinha adoentada, sendo necess\u00e1ria a sua interna\u00e7\u00e3o em unidade hospitalar, onde veio a [&hellip;]<\/p>\n","protected":false},"author":2,"featured_media":101876,"comment_status":"open","ping_status":"open","sticky":false,"template":"","format":"standard","meta":{"footnotes":"","_links_to":"","_links_to_target":""},"categories":[1],"tags":[],"class_list":["post-101873","post","type-post","status-publish","format-standard","has-post-thumbnail","hentry","category-geral"],"views":937,"_links":{"self":[{"href":"https:\/\/www.sudoestehoje.com.br\/novoportal\/wp-json\/wp\/v2\/posts\/101873","targetHints":{"allow":["GET"]}}],"collection":[{"href":"https:\/\/www.sudoestehoje.com.br\/novoportal\/wp-json\/wp\/v2\/posts"}],"about":[{"href":"https:\/\/www.sudoestehoje.com.br\/novoportal\/wp-json\/wp\/v2\/types\/post"}],"author":[{"embeddable":true,"href":"https:\/\/www.sudoestehoje.com.br\/novoportal\/wp-json\/wp\/v2\/users\/2"}],"replies":[{"embeddable":true,"href":"https:\/\/www.sudoestehoje.com.br\/novoportal\/wp-json\/wp\/v2\/comments?post=101873"}],"version-history":[{"count":3,"href":"https:\/\/www.sudoestehoje.com.br\/novoportal\/wp-json\/wp\/v2\/posts\/101873\/revisions"}],"predecessor-version":[{"id":101878,"href":"https:\/\/www.sudoestehoje.com.br\/novoportal\/wp-json\/wp\/v2\/posts\/101873\/revisions\/101878"}],"wp:featuredmedia":[{"embeddable":true,"href":"https:\/\/www.sudoestehoje.com.br\/novoportal\/wp-json\/wp\/v2\/media\/101876"}],"wp:attachment":[{"href":"https:\/\/www.sudoestehoje.com.br\/novoportal\/wp-json\/wp\/v2\/media?parent=101873"}],"wp:term":[{"taxonomy":"category","embeddable":true,"href":"https:\/\/www.sudoestehoje.com.br\/novoportal\/wp-json\/wp\/v2\/categories?post=101873"},{"taxonomy":"post_tag","embeddable":true,"href":"https:\/\/www.sudoestehoje.com.br\/novoportal\/wp-json\/wp\/v2\/tags?post=101873"}],"curies":[{"name":"wp","href":"https:\/\/api.w.org\/{rel}","templated":true}]}}