
{"id":101814,"date":"2022-05-04T17:50:47","date_gmt":"2022-05-04T20:50:47","guid":{"rendered":"https:\/\/www.sudoestehoje.com.br\/novoportal\/?p=101814"},"modified":"2022-05-04T17:50:47","modified_gmt":"2022-05-04T20:50:47","slug":"municipio-de-caatiba-realiza-o-dia-d-de-vacinacao-contra-influenza-e-sarampo","status":"publish","type":"post","link":"https:\/\/www.sudoestehoje.com.br\/novoportal\/2022\/05\/04\/municipio-de-caatiba-realiza-o-dia-d-de-vacinacao-contra-influenza-e-sarampo\/","title":{"rendered":"MUNIC\u00cdPIO DE CAATIBA REALIZA O DIA D DE VACINA\u00c7\u00c3O CONTRA INFLUENZA E SARAMPO"},"content":{"rendered":"<p><a href=\"https:\/\/www.sudoestehoje.com.br\/novoportal\/wp-content\/uploads\/2022\/05\/279582926_1152367178638981_5617529813725547314_n.jpg\"><img loading=\"lazy\" decoding=\"async\" class=\"aligncenter size-medium wp-image-101815\" src=\"https:\/\/www.sudoestehoje.com.br\/novoportal\/wp-content\/uploads\/2022\/05\/279582926_1152367178638981_5617529813725547314_n-500x409.jpg\" alt=\"\" width=\"500\" height=\"409\" srcset=\"https:\/\/www.sudoestehoje.com.br\/novoportal\/wp-content\/uploads\/2022\/05\/279582926_1152367178638981_5617529813725547314_n-500x409.jpg 500w, https:\/\/www.sudoestehoje.com.br\/novoportal\/wp-content\/uploads\/2022\/05\/279582926_1152367178638981_5617529813725547314_n-700x572.jpg 700w, https:\/\/www.sudoestehoje.com.br\/novoportal\/wp-content\/uploads\/2022\/05\/279582926_1152367178638981_5617529813725547314_n-768x628.jpg 768w, https:\/\/www.sudoestehoje.com.br\/novoportal\/wp-content\/uploads\/2022\/05\/279582926_1152367178638981_5617529813725547314_n.jpg 1118w\" sizes=\"auto, (max-width: 500px) 100vw, 500px\" \/><\/a><\/p>\n<p>Apoiados pela Prefeitura Municipal de Caatiba e pela vigil\u00e2ncia epidemiol\u00f3gica, a Secretaria Municipal de Sa\u00fade realizou o dia D de vacina\u00e7\u00e3o contra a influenza e Sarampo.<\/p>\n<p>A a\u00e7\u00e3o foi iniciada desde o dia 04 de abril, com duas importantes campanhas de vacina\u00e7\u00e3o que est\u00e3o sendo realizadas simultaneamente: CAMPANHA NACIONAL DE VACINA\u00c7\u00c3O CONTRA INFLUENZA E CAMPANHA NACIONAL DE VACINA\u00c7\u00c3O CONTRA SARAMPO.<\/p>\n<p>O Minist\u00e9rio da Sa\u00fade ressalta a import\u00e2ncia da vacina\u00e7\u00e3o contra a Influenza em 2022, pois prevenir\u00e1 o surgimento de complica\u00e7\u00f5es decorrentes da doen\u00e7a, \u00f3bitos, interna\u00e7\u00f5es e a sobrecarga nos servi\u00e7os de sa\u00fade, al\u00e9m de reduzir sintomas que podem ser confundidos com os da COVID-19.<\/p>\n<p>O Sarampo \u00e9 uma doen\u00e7a contagiosa e pode ter consequ\u00eancias graves. A vacina \u00e9 portanto o meio mais eficiente para impedir a dissemina\u00e7\u00e3o da doen\u00e7a. A Campanha seguir\u00e1 at\u00e9 o dia 03 de Junho de 2022.<\/p>\n\n\t\t<style type=\"text\/css\">\n\t\t\t#gallery-1 {\n\t\t\t\tmargin: auto;\n\t\t\t}\n\t\t\t#gallery-1 .gallery-item {\n\t\t\t\tfloat: left;\n\t\t\t\tmargin-top: 10px;\n\t\t\t\ttext-align: center;\n\t\t\t\twidth: 33%;\n\t\t\t}\n\t\t\t#gallery-1 img {\n\t\t\t\tborder: 2px solid #cfcfcf;\n\t\t\t}\n\t\t\t#gallery-1 .gallery-caption {\n\t\t\t\tmargin-left: 0;\n\t\t\t}\n\t\t\t\/* see gallery_shortcode() in wp-includes\/media.php *\/\n\t\t<\/style>\n\t\t<div id='gallery-1' class='gallery galleryid-101814 gallery-columns-3 gallery-size-thumbnail'><dl class='gallery-item'>\n\t\t\t<dt class='gallery-icon portrait'>\n\t\t\t\t<a href='https:\/\/www.sudoestehoje.com.br\/novoportal\/2022\/05\/04\/municipio-de-caatiba-realiza-o-dia-d-de-vacinacao-contra-influenza-e-sarampo\/279568118_1152367168638982_3645348947850460226_n\/'><img loading=\"lazy\" decoding=\"async\" width=\"150\" height=\"150\" src=\"https:\/\/www.sudoestehoje.com.br\/novoportal\/wp-content\/uploads\/2022\/05\/279568118_1152367168638982_3645348947850460226_n-150x150.jpg\" class=\"attachment-thumbnail size-thumbnail\" alt=\"\" \/><\/a>\n\t\t\t<\/dt><\/dl><dl class='gallery-item'>\n\t\t\t<dt class='gallery-icon portrait'>\n\t\t\t\t<a href='https:\/\/www.sudoestehoje.com.br\/novoportal\/2022\/05\/04\/municipio-de-caatiba-realiza-o-dia-d-de-vacinacao-contra-influenza-e-sarampo\/279580854_1152367195305646_869550949658589705_n\/'><img loading=\"lazy\" decoding=\"async\" width=\"150\" height=\"150\" src=\"https:\/\/www.sudoestehoje.com.br\/novoportal\/wp-content\/uploads\/2022\/05\/279580854_1152367195305646_869550949658589705_n-150x150.jpg\" class=\"attachment-thumbnail size-thumbnail\" alt=\"\" \/><\/a>\n\t\t\t<\/dt><\/dl><dl class='gallery-item'>\n\t\t\t<dt class='gallery-icon landscape'>\n\t\t\t\t<a href='https:\/\/www.sudoestehoje.com.br\/novoportal\/2022\/05\/04\/municipio-de-caatiba-realiza-o-dia-d-de-vacinacao-contra-influenza-e-sarampo\/279630305_1152367298638969_209737739427098434_n\/'><img loading=\"lazy\" decoding=\"async\" width=\"150\" height=\"150\" src=\"https:\/\/www.sudoestehoje.com.br\/novoportal\/wp-content\/uploads\/2022\/05\/279630305_1152367298638969_209737739427098434_n-150x150.jpg\" class=\"attachment-thumbnail size-thumbnail\" alt=\"\" \/><\/a>\n\t\t\t<\/dt><\/dl><br style=\"clear: both\" \/><dl class='gallery-item'>\n\t\t\t<dt class='gallery-icon portrait'>\n\t\t\t\t<a href='https:\/\/www.sudoestehoje.com.br\/novoportal\/2022\/05\/04\/municipio-de-caatiba-realiza-o-dia-d-de-vacinacao-contra-influenza-e-sarampo\/279580854_1152367195305646_869550949658589705_n-2\/'><img loading=\"lazy\" decoding=\"async\" width=\"150\" height=\"150\" src=\"https:\/\/www.sudoestehoje.com.br\/novoportal\/wp-content\/uploads\/2022\/05\/279580854_1152367195305646_869550949658589705_n-1-150x150.jpg\" class=\"attachment-thumbnail size-thumbnail\" alt=\"\" \/><\/a>\n\t\t\t<\/dt><\/dl><dl class='gallery-item'>\n\t\t\t<dt class='gallery-icon portrait'>\n\t\t\t\t<a href='https:\/\/www.sudoestehoje.com.br\/novoportal\/2022\/05\/04\/municipio-de-caatiba-realiza-o-dia-d-de-vacinacao-contra-influenza-e-sarampo\/279711582_1152367265305639_3573820743954464264_n\/'><img loading=\"lazy\" decoding=\"async\" width=\"150\" height=\"150\" src=\"https:\/\/www.sudoestehoje.com.br\/novoportal\/wp-content\/uploads\/2022\/05\/279711582_1152367265305639_3573820743954464264_n-150x150.jpg\" class=\"attachment-thumbnail size-thumbnail\" alt=\"\" \/><\/a>\n\t\t\t<\/dt><\/dl><dl class='gallery-item'>\n\t\t\t<dt class='gallery-icon portrait'>\n\t\t\t\t<a href='https:\/\/www.sudoestehoje.com.br\/novoportal\/2022\/05\/04\/municipio-de-caatiba-realiza-o-dia-d-de-vacinacao-contra-influenza-e-sarampo\/279680558_1152367381972294_5007508357130702645_n\/'><img loading=\"lazy\" decoding=\"async\" width=\"150\" height=\"150\" src=\"https:\/\/www.sudoestehoje.com.br\/novoportal\/wp-content\/uploads\/2022\/05\/279680558_1152367381972294_5007508357130702645_n-150x150.jpg\" class=\"attachment-thumbnail size-thumbnail\" alt=\"\" \/><\/a>\n\t\t\t<\/dt><\/dl><br style=\"clear: both\" \/>\n\t\t<\/div>\n\n<p><em><strong>Ascom Caatiba<\/strong><\/em><\/p>\n","protected":false},"excerpt":{"rendered":"<p>Apoiados pela Prefeitura Municipal de Caatiba e pela vigil\u00e2ncia epidemiol\u00f3gica, a Secretaria Municipal de Sa\u00fade realizou o dia D de vacina\u00e7\u00e3o contra a influenza e Sarampo. A a\u00e7\u00e3o foi iniciada desde o dia 04 de abril, com duas importantes campanhas de vacina\u00e7\u00e3o que est\u00e3o sendo realizadas simultaneamente: CAMPANHA NACIONAL DE VACINA\u00c7\u00c3O CONTRA INFLUENZA E CAMPANHA [&hellip;]<\/p>\n","protected":false},"author":2,"featured_media":101815,"comment_status":"open","ping_status":"open","sticky":false,"template":"","format":"standard","meta":{"footnotes":"","_links_to":"","_links_to_target":""},"categories":[1],"tags":[],"class_list":["post-101814","post","type-post","status-publish","format-standard","has-post-thumbnail","hentry","category-geral"],"views":878,"_links":{"self":[{"href":"https:\/\/www.sudoestehoje.com.br\/novoportal\/wp-json\/wp\/v2\/posts\/101814","targetHints":{"allow":["GET"]}}],"collection":[{"href":"https:\/\/www.sudoestehoje.com.br\/novoportal\/wp-json\/wp\/v2\/posts"}],"about":[{"href":"https:\/\/www.sudoestehoje.com.br\/novoportal\/wp-json\/wp\/v2\/types\/post"}],"author":[{"embeddable":true,"href":"https:\/\/www.sudoestehoje.com.br\/novoportal\/wp-json\/wp\/v2\/users\/2"}],"replies":[{"embeddable":true,"href":"https:\/\/www.sudoestehoje.com.br\/novoportal\/wp-json\/wp\/v2\/comments?post=101814"}],"version-history":[{"count":1,"href":"https:\/\/www.sudoestehoje.com.br\/novoportal\/wp-json\/wp\/v2\/posts\/101814\/revisions"}],"predecessor-version":[{"id":101823,"href":"https:\/\/www.sudoestehoje.com.br\/novoportal\/wp-json\/wp\/v2\/posts\/101814\/revisions\/101823"}],"wp:featuredmedia":[{"embeddable":true,"href":"https:\/\/www.sudoestehoje.com.br\/novoportal\/wp-json\/wp\/v2\/media\/101815"}],"wp:attachment":[{"href":"https:\/\/www.sudoestehoje.com.br\/novoportal\/wp-json\/wp\/v2\/media?parent=101814"}],"wp:term":[{"taxonomy":"category","embeddable":true,"href":"https:\/\/www.sudoestehoje.com.br\/novoportal\/wp-json\/wp\/v2\/categories?post=101814"},{"taxonomy":"post_tag","embeddable":true,"href":"https:\/\/www.sudoestehoje.com.br\/novoportal\/wp-json\/wp\/v2\/tags?post=101814"}],"curies":[{"name":"wp","href":"https:\/\/api.w.org\/{rel}","templated":true}]}}