
{"id":101793,"date":"2022-05-04T10:32:57","date_gmt":"2022-05-04T13:32:57","guid":{"rendered":"https:\/\/www.sudoestehoje.com.br\/novoportal\/?p=101793"},"modified":"2022-05-04T10:32:57","modified_gmt":"2022-05-04T13:32:57","slug":"pesquisa-opnus-acm-neto-chega-a-64-contra-apenas-11-do-petista-jeronimo","status":"publish","type":"post","link":"https:\/\/www.sudoestehoje.com.br\/novoportal\/2022\/05\/04\/pesquisa-opnus-acm-neto-chega-a-64-contra-apenas-11-do-petista-jeronimo\/","title":{"rendered":"PESQUISA OPNUS | ACM NETO CHEGA A 64% CONTRA APENAS 11% DO PETISTA JER\u00d4NIMO"},"content":{"rendered":"<p><a href=\"https:\/\/www.sudoestehoje.com.br\/novoportal\/wp-content\/uploads\/2022\/05\/csm_acmneto_div_ccd5b90e3b-1000x530-1.jpg\"><img loading=\"lazy\" decoding=\"async\" class=\"aligncenter size-medium wp-image-101794\" src=\"https:\/\/www.sudoestehoje.com.br\/novoportal\/wp-content\/uploads\/2022\/05\/csm_acmneto_div_ccd5b90e3b-1000x530-1-500x265.jpg\" alt=\"\" width=\"500\" height=\"265\" srcset=\"https:\/\/www.sudoestehoje.com.br\/novoportal\/wp-content\/uploads\/2022\/05\/csm_acmneto_div_ccd5b90e3b-1000x530-1-500x265.jpg 500w, https:\/\/www.sudoestehoje.com.br\/novoportal\/wp-content\/uploads\/2022\/05\/csm_acmneto_div_ccd5b90e3b-1000x530-1-700x371.jpg 700w, https:\/\/www.sudoestehoje.com.br\/novoportal\/wp-content\/uploads\/2022\/05\/csm_acmneto_div_ccd5b90e3b-1000x530-1-768x407.jpg 768w, https:\/\/www.sudoestehoje.com.br\/novoportal\/wp-content\/uploads\/2022\/05\/csm_acmneto_div_ccd5b90e3b-1000x530-1.jpg 1000w\" sizes=\"auto, (max-width: 500px) 100vw, 500px\" \/><\/a><\/p>\n<p>Pesquisa realizada pelo Instituto Opnus e divulgada nesta quarta-feira (4) indica que o pr\u00e9-candidato ACM Neto (Uni\u00e3o Brasil) segue na lideran\u00e7a na disputa pelo Pal\u00e1cio de Ondina.<\/p>\n<p>O ex-prefeito de Salvador aparece com 64% na pesquisa estimulada. O segundo colocado \u00e9 Jer\u00f4nimo Rodrigues (PT) e aparece apenas com 11%. Jo\u00e3o Roma (PL) vem logo em seguida, com 8%. Kleber Rosa (PSOL) tem 1%. Brancos e nulos somam 7% e 9% n\u00e3o souberam responder.<\/p>\n<p>No cen\u00e1rio em que os nomes dos pr\u00e9-candidatos s\u00e3o vinculados a presidenci\u00e1veis, Neto, enquanto candidato independente, tamb\u00e9m aparece com vantagem, com 44%. Jer\u00f4nimo, com apoio de Lula, chega a 32%. Jo\u00e3o Roma, com apoio do presidente Jair Bolsonaro, tem 12%. Kleber Rosa, com Guilherme Boulos, segue com 1%. Nesse cen\u00e1rio, brancos e nulos somam 4% e 7% n\u00e3o souberam responder.<\/p>\n<p>J\u00e1 no voto espont\u00e2neo, quando o nome dos candidatos n\u00e3o \u00e9 apresentado, ACM Neto tamb\u00e9m aparece na frente, com 25%. Nesse cen\u00e1rio, o segundo colocado \u00e9 Rui Costa, com 8%, que n\u00e3o pode concorrer ao pleito este ano, j\u00e1 que encerra seu segundo mandato. Jer\u00f4nimo \u00e9 o terceiro, com 5%, mesmo percentual de Jo\u00e3o Roma. O nome de Jaques Wagner foi citado por 1%.<\/p>\n<p>A pesquisa foi encomendada pela R\u00e1dio Salvador FM e ouviu 1.500 pessoas entre os dias 28 de abril e 2 de maio. A margem de erro \u00e9 de 2,5 pontos percentuais.<\/p>\n","protected":false},"excerpt":{"rendered":"<p>Pesquisa realizada pelo Instituto Opnus e divulgada nesta quarta-feira (4) indica que o pr\u00e9-candidato ACM Neto (Uni\u00e3o Brasil) segue na lideran\u00e7a na disputa pelo Pal\u00e1cio de Ondina. O ex-prefeito de Salvador aparece com 64% na pesquisa estimulada. O segundo colocado \u00e9 Jer\u00f4nimo Rodrigues (PT) e aparece apenas com 11%. Jo\u00e3o Roma (PL) vem logo em [&hellip;]<\/p>\n","protected":false},"author":2,"featured_media":101794,"comment_status":"open","ping_status":"open","sticky":false,"template":"","format":"standard","meta":{"footnotes":"","_links_to":"","_links_to_target":""},"categories":[1],"tags":[],"class_list":["post-101793","post","type-post","status-publish","format-standard","has-post-thumbnail","hentry","category-geral"],"views":984,"_links":{"self":[{"href":"https:\/\/www.sudoestehoje.com.br\/novoportal\/wp-json\/wp\/v2\/posts\/101793","targetHints":{"allow":["GET"]}}],"collection":[{"href":"https:\/\/www.sudoestehoje.com.br\/novoportal\/wp-json\/wp\/v2\/posts"}],"about":[{"href":"https:\/\/www.sudoestehoje.com.br\/novoportal\/wp-json\/wp\/v2\/types\/post"}],"author":[{"embeddable":true,"href":"https:\/\/www.sudoestehoje.com.br\/novoportal\/wp-json\/wp\/v2\/users\/2"}],"replies":[{"embeddable":true,"href":"https:\/\/www.sudoestehoje.com.br\/novoportal\/wp-json\/wp\/v2\/comments?post=101793"}],"version-history":[{"count":1,"href":"https:\/\/www.sudoestehoje.com.br\/novoportal\/wp-json\/wp\/v2\/posts\/101793\/revisions"}],"predecessor-version":[{"id":101795,"href":"https:\/\/www.sudoestehoje.com.br\/novoportal\/wp-json\/wp\/v2\/posts\/101793\/revisions\/101795"}],"wp:featuredmedia":[{"embeddable":true,"href":"https:\/\/www.sudoestehoje.com.br\/novoportal\/wp-json\/wp\/v2\/media\/101794"}],"wp:attachment":[{"href":"https:\/\/www.sudoestehoje.com.br\/novoportal\/wp-json\/wp\/v2\/media?parent=101793"}],"wp:term":[{"taxonomy":"category","embeddable":true,"href":"https:\/\/www.sudoestehoje.com.br\/novoportal\/wp-json\/wp\/v2\/categories?post=101793"},{"taxonomy":"post_tag","embeddable":true,"href":"https:\/\/www.sudoestehoje.com.br\/novoportal\/wp-json\/wp\/v2\/tags?post=101793"}],"curies":[{"name":"wp","href":"https:\/\/api.w.org\/{rel}","templated":true}]}}