
{"id":101779,"date":"2022-05-03T17:36:07","date_gmt":"2022-05-03T20:36:07","guid":{"rendered":"https:\/\/www.sudoestehoje.com.br\/novoportal\/?p=101779"},"modified":"2022-05-03T17:38:53","modified_gmt":"2022-05-03T20:38:53","slug":"bandeira-mais-uma-indicacao-do-vereador-helder-e-atendida-pelo-prefeito-rodrigo","status":"publish","type":"post","link":"https:\/\/www.sudoestehoje.com.br\/novoportal\/2022\/05\/03\/bandeira-mais-uma-indicacao-do-vereador-helder-e-atendida-pelo-prefeito-rodrigo\/","title":{"rendered":"BANDEIRA | MAIS UMA INDICA\u00c7\u00c3O DO VEREADOR HELDER \u00c9 ATENDIDA PELO PREFEITO RODRIGO"},"content":{"rendered":"<p><a href=\"https:\/\/www.sudoestehoje.com.br\/novoportal\/wp-content\/uploads\/2022\/05\/WhatsApp-Image-2022-05-03-at-14.10.42.jpeg\"><img loading=\"lazy\" decoding=\"async\" class=\"aligncenter size-medium wp-image-101783\" src=\"https:\/\/www.sudoestehoje.com.br\/novoportal\/wp-content\/uploads\/2022\/05\/WhatsApp-Image-2022-05-03-at-14.10.42-500x375.jpeg\" alt=\"\" width=\"500\" height=\"375\" srcset=\"https:\/\/www.sudoestehoje.com.br\/novoportal\/wp-content\/uploads\/2022\/05\/WhatsApp-Image-2022-05-03-at-14.10.42-500x375.jpeg 500w, https:\/\/www.sudoestehoje.com.br\/novoportal\/wp-content\/uploads\/2022\/05\/WhatsApp-Image-2022-05-03-at-14.10.42-700x525.jpeg 700w, https:\/\/www.sudoestehoje.com.br\/novoportal\/wp-content\/uploads\/2022\/05\/WhatsApp-Image-2022-05-03-at-14.10.42-768x576.jpeg 768w, https:\/\/www.sudoestehoje.com.br\/novoportal\/wp-content\/uploads\/2022\/05\/WhatsApp-Image-2022-05-03-at-14.10.42.jpeg 1040w\" sizes=\"auto, (max-width: 500px) 100vw, 500px\" \/><\/a><\/p>\n<p>Nesta ter\u00e7a-feira (3), o vereador Helder Ladeia comemorou a chegada de algumas m\u00e1quinas da prefeitura no distrito de Bandeira do Col\u00f4nia, para realiza\u00e7\u00e3o de servi\u00e7os de patrolamento e cascalhamento de ruas na localidade, pela Secretaria Municipal da Infraestrutura e Transporte.<\/p>\n<p>Em contato com o Sudoeste Hoje, Helder lembrou que a realiza\u00e7\u00e3o desses servi\u00e7os em Bandeira s\u00e3o frutos da sua luta na c\u00e2mara municipal, atrav\u00e9s de uma Indica\u00e7\u00e3o de sua autoria e diversas cobran\u00e7as no plen\u00e1rio.<\/p>\n<p><em>&#8220;Sei que existem in\u00fameras solicita\u00e7\u00f5es para melhorias em bairros de Itapetinga e no distrito, mas aos poucos o prefeito vem nos atendendo, pois o nosso objetivo e luta \u00e9 conseguir melhorar as condi\u00e7\u00f5es de vida da nossa popula\u00e7\u00e3o, e isto j\u00e1 estamos conseguindo, gra\u00e7as \u00e0 boa vontade do prefeito Rodrigo Hagge e sua equipe&#8221;<\/em>, comemorou Helder.<\/p>\n<p><a href=\"https:\/\/www.sudoestehoje.com.br\/novoportal\/wp-content\/uploads\/2022\/05\/WhatsApp-Image-2022-05-03-at-14.11.13.jpeg\"><img loading=\"lazy\" decoding=\"async\" class=\"aligncenter size-medium wp-image-101782\" src=\"https:\/\/www.sudoestehoje.com.br\/novoportal\/wp-content\/uploads\/2022\/05\/WhatsApp-Image-2022-05-03-at-14.11.13-478x700.jpeg\" alt=\"\" width=\"478\" height=\"700\" srcset=\"https:\/\/www.sudoestehoje.com.br\/novoportal\/wp-content\/uploads\/2022\/05\/WhatsApp-Image-2022-05-03-at-14.11.13-478x700.jpeg 478w, https:\/\/www.sudoestehoje.com.br\/novoportal\/wp-content\/uploads\/2022\/05\/WhatsApp-Image-2022-05-03-at-14.11.13-614x900.jpeg 614w, https:\/\/www.sudoestehoje.com.br\/novoportal\/wp-content\/uploads\/2022\/05\/WhatsApp-Image-2022-05-03-at-14.11.13.jpeg 720w\" sizes=\"auto, (max-width: 478px) 100vw, 478px\" \/><\/a><\/p>\n<p><em><strong>Por Davi Ferraz<\/strong><\/em><\/p>\n","protected":false},"excerpt":{"rendered":"<p>Nesta ter\u00e7a-feira (3), o vereador Helder Ladeia comemorou a chegada de algumas m\u00e1quinas da prefeitura no distrito de Bandeira do Col\u00f4nia, para realiza\u00e7\u00e3o de servi\u00e7os de patrolamento e cascalhamento de ruas na localidade, pela Secretaria Municipal da Infraestrutura e Transporte. Em contato com o Sudoeste Hoje, Helder lembrou que a realiza\u00e7\u00e3o desses servi\u00e7os em Bandeira [&hellip;]<\/p>\n","protected":false},"author":2,"featured_media":101783,"comment_status":"open","ping_status":"open","sticky":false,"template":"","format":"standard","meta":{"footnotes":"","_links_to":"","_links_to_target":""},"categories":[1],"tags":[],"class_list":["post-101779","post","type-post","status-publish","format-standard","has-post-thumbnail","hentry","category-geral"],"views":1004,"_links":{"self":[{"href":"https:\/\/www.sudoestehoje.com.br\/novoportal\/wp-json\/wp\/v2\/posts\/101779","targetHints":{"allow":["GET"]}}],"collection":[{"href":"https:\/\/www.sudoestehoje.com.br\/novoportal\/wp-json\/wp\/v2\/posts"}],"about":[{"href":"https:\/\/www.sudoestehoje.com.br\/novoportal\/wp-json\/wp\/v2\/types\/post"}],"author":[{"embeddable":true,"href":"https:\/\/www.sudoestehoje.com.br\/novoportal\/wp-json\/wp\/v2\/users\/2"}],"replies":[{"embeddable":true,"href":"https:\/\/www.sudoestehoje.com.br\/novoportal\/wp-json\/wp\/v2\/comments?post=101779"}],"version-history":[{"count":3,"href":"https:\/\/www.sudoestehoje.com.br\/novoportal\/wp-json\/wp\/v2\/posts\/101779\/revisions"}],"predecessor-version":[{"id":101785,"href":"https:\/\/www.sudoestehoje.com.br\/novoportal\/wp-json\/wp\/v2\/posts\/101779\/revisions\/101785"}],"wp:featuredmedia":[{"embeddable":true,"href":"https:\/\/www.sudoestehoje.com.br\/novoportal\/wp-json\/wp\/v2\/media\/101783"}],"wp:attachment":[{"href":"https:\/\/www.sudoestehoje.com.br\/novoportal\/wp-json\/wp\/v2\/media?parent=101779"}],"wp:term":[{"taxonomy":"category","embeddable":true,"href":"https:\/\/www.sudoestehoje.com.br\/novoportal\/wp-json\/wp\/v2\/categories?post=101779"},{"taxonomy":"post_tag","embeddable":true,"href":"https:\/\/www.sudoestehoje.com.br\/novoportal\/wp-json\/wp\/v2\/tags?post=101779"}],"curies":[{"name":"wp","href":"https:\/\/api.w.org\/{rel}","templated":true}]}}