
{"id":101768,"date":"2022-05-02T22:42:12","date_gmt":"2022-05-03T01:42:12","guid":{"rendered":"https:\/\/www.sudoestehoje.com.br\/novoportal\/?p=101768"},"modified":"2022-05-02T23:03:18","modified_gmt":"2022-05-03T02:03:18","slug":"eleicoes-joao-leao-desiste-do-senado-e-seu-filho-caca-assume-a-vaga-na-chapa-de-neto","status":"publish","type":"post","link":"https:\/\/www.sudoestehoje.com.br\/novoportal\/2022\/05\/02\/eleicoes-joao-leao-desiste-do-senado-e-seu-filho-caca-assume-a-vaga-na-chapa-de-neto\/","title":{"rendered":"ELEI\u00c7\u00d5ES | JO\u00c3O LE\u00c3O DESISTE DO SENADO E SEU FILHO CAC\u00c1 ASSUME A VAGA NA CHAPA DE NETO"},"content":{"rendered":"<p><a href=\"https:\/\/www.sudoestehoje.com.br\/novoportal\/wp-content\/uploads\/2022\/05\/leao_widelg.jpg\"><img loading=\"lazy\" decoding=\"async\" class=\"aligncenter size-medium wp-image-101772\" src=\"https:\/\/www.sudoestehoje.com.br\/novoportal\/wp-content\/uploads\/2022\/05\/leao_widelg-500x281.jpg\" alt=\"\" width=\"500\" height=\"281\" srcset=\"https:\/\/www.sudoestehoje.com.br\/novoportal\/wp-content\/uploads\/2022\/05\/leao_widelg-500x281.jpg 500w, https:\/\/www.sudoestehoje.com.br\/novoportal\/wp-content\/uploads\/2022\/05\/leao_widelg-700x394.jpg 700w, https:\/\/www.sudoestehoje.com.br\/novoportal\/wp-content\/uploads\/2022\/05\/leao_widelg-768x432.jpg 768w, https:\/\/www.sudoestehoje.com.br\/novoportal\/wp-content\/uploads\/2022\/05\/leao_widelg.jpg 800w\" sizes=\"auto, (max-width: 500px) 100vw, 500px\" \/><\/a><\/p>\n<p>O\u00a0vice-governador da Bahia, Jo\u00e3o Leao<a href=\"https:\/\/www.bnews.com.br\/tags\/joao-leao\" target=\"_blank\" rel=\"noopener noreferrer\">,<\/a> deve anunciar nos pr\u00f3ximos dias o seu filho Cac\u00e1 Le\u00e3o como pr\u00e9-candidato ao Senado. Pesou na decis\u00e3o o estado de sa\u00fade do pepista e a chave de renova\u00e7\u00e3o et\u00e1ria da chapa de ACM Neto (Uni\u00e3o) ao governo do Estado<\/p>\n<p>A medida j\u00e1 foi anunciada dentro do partido que, inicialmente, tomou um baque com a decis\u00e3o, mas j\u00e1 amadureceram a ideia. Le\u00e3o, contudo, n\u00e3o fica de fora do pleito. Ele deve tentar uma vaga para a C\u00e2mara Federal.<\/p>\n<p>Jo\u00e3o Le\u00e3o ainda n\u00e3o havia conseguido colar na imagem de ACM Neto ao ponto reagir na pesquisa com a queda de bra\u00e7o com Otto Alencar. O Plano C, antes aventado, agora est\u00e1 em curso. <em>\/\/BNews<\/em><\/p>\n","protected":false},"excerpt":{"rendered":"<p>O\u00a0vice-governador da Bahia, Jo\u00e3o Leao, deve anunciar nos pr\u00f3ximos dias o seu filho Cac\u00e1 Le\u00e3o como pr\u00e9-candidato ao Senado. Pesou na decis\u00e3o o estado de sa\u00fade do pepista e a chave de renova\u00e7\u00e3o et\u00e1ria da chapa de ACM Neto (Uni\u00e3o) ao governo do Estado A medida j\u00e1 foi anunciada dentro do partido que, inicialmente, tomou [&hellip;]<\/p>\n","protected":false},"author":2,"featured_media":101772,"comment_status":"open","ping_status":"open","sticky":false,"template":"","format":"standard","meta":{"footnotes":"","_links_to":"","_links_to_target":""},"categories":[1],"tags":[],"class_list":["post-101768","post","type-post","status-publish","format-standard","has-post-thumbnail","hentry","category-geral"],"views":967,"_links":{"self":[{"href":"https:\/\/www.sudoestehoje.com.br\/novoportal\/wp-json\/wp\/v2\/posts\/101768","targetHints":{"allow":["GET"]}}],"collection":[{"href":"https:\/\/www.sudoestehoje.com.br\/novoportal\/wp-json\/wp\/v2\/posts"}],"about":[{"href":"https:\/\/www.sudoestehoje.com.br\/novoportal\/wp-json\/wp\/v2\/types\/post"}],"author":[{"embeddable":true,"href":"https:\/\/www.sudoestehoje.com.br\/novoportal\/wp-json\/wp\/v2\/users\/2"}],"replies":[{"embeddable":true,"href":"https:\/\/www.sudoestehoje.com.br\/novoportal\/wp-json\/wp\/v2\/comments?post=101768"}],"version-history":[{"count":5,"href":"https:\/\/www.sudoestehoje.com.br\/novoportal\/wp-json\/wp\/v2\/posts\/101768\/revisions"}],"predecessor-version":[{"id":101775,"href":"https:\/\/www.sudoestehoje.com.br\/novoportal\/wp-json\/wp\/v2\/posts\/101768\/revisions\/101775"}],"wp:featuredmedia":[{"embeddable":true,"href":"https:\/\/www.sudoestehoje.com.br\/novoportal\/wp-json\/wp\/v2\/media\/101772"}],"wp:attachment":[{"href":"https:\/\/www.sudoestehoje.com.br\/novoportal\/wp-json\/wp\/v2\/media?parent=101768"}],"wp:term":[{"taxonomy":"category","embeddable":true,"href":"https:\/\/www.sudoestehoje.com.br\/novoportal\/wp-json\/wp\/v2\/categories?post=101768"},{"taxonomy":"post_tag","embeddable":true,"href":"https:\/\/www.sudoestehoje.com.br\/novoportal\/wp-json\/wp\/v2\/tags?post=101768"}],"curies":[{"name":"wp","href":"https:\/\/api.w.org\/{rel}","templated":true}]}}