
{"id":101763,"date":"2022-05-02T18:44:52","date_gmt":"2022-05-02T21:44:52","guid":{"rendered":"https:\/\/www.sudoestehoje.com.br\/novoportal\/?p=101763"},"modified":"2022-05-02T18:45:50","modified_gmt":"2022-05-02T21:45:50","slug":"fogo-se-alastra-nas-margens-da-ba-263-em-frente-ao-campus-da-uesb","status":"publish","type":"post","link":"https:\/\/www.sudoestehoje.com.br\/novoportal\/2022\/05\/02\/fogo-se-alastra-nas-margens-da-ba-263-em-frente-ao-campus-da-uesb\/","title":{"rendered":"V\u00cdDEO | FOGO SE ALASTRA NAS MARGENS DA BA-263, EM FRENTE AO CAMPUS DA UESB"},"content":{"rendered":"<p><a href=\"https:\/\/www.sudoestehoje.com.br\/novoportal\/wp-content\/uploads\/2022\/05\/WhatsApp-Image-2022-05-02-at-18.27.03.jpeg\"><img loading=\"lazy\" decoding=\"async\" class=\"aligncenter size-medium wp-image-101764\" src=\"https:\/\/www.sudoestehoje.com.br\/novoportal\/wp-content\/uploads\/2022\/05\/WhatsApp-Image-2022-05-02-at-18.27.03-500x251.jpeg\" alt=\"\" width=\"500\" height=\"251\" srcset=\"https:\/\/www.sudoestehoje.com.br\/novoportal\/wp-content\/uploads\/2022\/05\/WhatsApp-Image-2022-05-02-at-18.27.03-500x251.jpeg 500w, https:\/\/www.sudoestehoje.com.br\/novoportal\/wp-content\/uploads\/2022\/05\/WhatsApp-Image-2022-05-02-at-18.27.03-700x352.jpeg 700w, https:\/\/www.sudoestehoje.com.br\/novoportal\/wp-content\/uploads\/2022\/05\/WhatsApp-Image-2022-05-02-at-18.27.03-768x386.jpeg 768w, https:\/\/www.sudoestehoje.com.br\/novoportal\/wp-content\/uploads\/2022\/05\/WhatsApp-Image-2022-05-02-at-18.27.03.jpeg 1060w\" sizes=\"auto, (max-width: 500px) 100vw, 500px\" \/><\/a><\/p>\n<p>No final da tarde desta segunda-feira (2), uma queima de pastagem se alastrou nas margens da rodovia BA-263, nas proximidades da UESB e no bairro Quintas do Sul, em Itapetinga.<\/p>\n<p>Com a nuvem de fuma\u00e7a que se espalhou no trecho, o tr\u00e1fego de ve\u00edculos ficou prejudicado, for\u00e7ando alguns motoristas a parar no acostamento. Parte da Uesb ficou tomada pelo fumaceiro, o que prejudicou as atividades no campus.<\/p>\n<p>A origem da queimada pode ter sido acidental, mas h\u00e1 suspeita de que algu\u00e9m teria provocado o inc\u00eandio de prop\u00f3sito, como sempre acontece. Confira v\u00eddeo:<\/p>\n<div style=\"width: 640px;\" class=\"wp-video\"><!--[if lt IE 9]><script>document.createElement('video');<\/script><![endif]-->\n<video class=\"wp-video-shortcode\" id=\"video-101763-1\" width=\"640\" height=\"352\" preload=\"metadata\" controls=\"controls\"><source type=\"video\/mp4\" src=\"https:\/\/www.sudoestehoje.com.br\/novoportal\/wp-content\/uploads\/2022\/05\/WhatsApp-Video-2022-05-02-at-18.10.37.mp4?_=1\" \/><a href=\"https:\/\/www.sudoestehoje.com.br\/novoportal\/wp-content\/uploads\/2022\/05\/WhatsApp-Video-2022-05-02-at-18.10.37.mp4\">https:\/\/www.sudoestehoje.com.br\/novoportal\/wp-content\/uploads\/2022\/05\/WhatsApp-Video-2022-05-02-at-18.10.37.mp4<\/a><\/video><\/div>\n<p><strong><em>Por Davi Ferraz<\/em><\/strong><\/p>\n","protected":false},"excerpt":{"rendered":"<p>No final da tarde desta segunda-feira (2), uma queima de pastagem se alastrou nas margens da rodovia BA-263, nas proximidades da UESB e no bairro Quintas do Sul, em Itapetinga. Com a nuvem de fuma\u00e7a que se espalhou no trecho, o tr\u00e1fego de ve\u00edculos ficou prejudicado, for\u00e7ando alguns motoristas a parar no acostamento. Parte da [&hellip;]<\/p>\n","protected":false},"author":2,"featured_media":101764,"comment_status":"open","ping_status":"open","sticky":false,"template":"","format":"standard","meta":{"footnotes":"","_links_to":"","_links_to_target":""},"categories":[1],"tags":[],"class_list":["post-101763","post","type-post","status-publish","format-standard","has-post-thumbnail","hentry","category-geral"],"views":1125,"_links":{"self":[{"href":"https:\/\/www.sudoestehoje.com.br\/novoportal\/wp-json\/wp\/v2\/posts\/101763","targetHints":{"allow":["GET"]}}],"collection":[{"href":"https:\/\/www.sudoestehoje.com.br\/novoportal\/wp-json\/wp\/v2\/posts"}],"about":[{"href":"https:\/\/www.sudoestehoje.com.br\/novoportal\/wp-json\/wp\/v2\/types\/post"}],"author":[{"embeddable":true,"href":"https:\/\/www.sudoestehoje.com.br\/novoportal\/wp-json\/wp\/v2\/users\/2"}],"replies":[{"embeddable":true,"href":"https:\/\/www.sudoestehoje.com.br\/novoportal\/wp-json\/wp\/v2\/comments?post=101763"}],"version-history":[{"count":2,"href":"https:\/\/www.sudoestehoje.com.br\/novoportal\/wp-json\/wp\/v2\/posts\/101763\/revisions"}],"predecessor-version":[{"id":101767,"href":"https:\/\/www.sudoestehoje.com.br\/novoportal\/wp-json\/wp\/v2\/posts\/101763\/revisions\/101767"}],"wp:featuredmedia":[{"embeddable":true,"href":"https:\/\/www.sudoestehoje.com.br\/novoportal\/wp-json\/wp\/v2\/media\/101764"}],"wp:attachment":[{"href":"https:\/\/www.sudoestehoje.com.br\/novoportal\/wp-json\/wp\/v2\/media?parent=101763"}],"wp:term":[{"taxonomy":"category","embeddable":true,"href":"https:\/\/www.sudoestehoje.com.br\/novoportal\/wp-json\/wp\/v2\/categories?post=101763"},{"taxonomy":"post_tag","embeddable":true,"href":"https:\/\/www.sudoestehoje.com.br\/novoportal\/wp-json\/wp\/v2\/tags?post=101763"}],"curies":[{"name":"wp","href":"https:\/\/api.w.org\/{rel}","templated":true}]}}