
{"id":101728,"date":"2022-05-02T07:47:18","date_gmt":"2022-05-02T10:47:18","guid":{"rendered":"https:\/\/www.sudoestehoje.com.br\/novoportal\/?p=101728"},"modified":"2022-05-02T07:47:18","modified_gmt":"2022-05-02T10:47:18","slug":"economia-preco-do-gas-sofre-reducao-mas-gasolina-fica-mais-cara-na-bahia","status":"publish","type":"post","link":"https:\/\/www.sudoestehoje.com.br\/novoportal\/2022\/05\/02\/economia-preco-do-gas-sofre-reducao-mas-gasolina-fica-mais-cara-na-bahia\/","title":{"rendered":"ECONOMIA | PRE\u00c7O DO G\u00c1S SOFRE REDU\u00c7\u00c3O, MAS GASOLINA FICA MAIS CARA NA BAHIA"},"content":{"rendered":"<p><a href=\"https:\/\/www.sudoestehoje.com.br\/novoportal\/wp-content\/uploads\/2022\/05\/gas-e-gasolina.jpg\"><img loading=\"lazy\" decoding=\"async\" class=\"aligncenter size-medium wp-image-101730\" src=\"https:\/\/www.sudoestehoje.com.br\/novoportal\/wp-content\/uploads\/2022\/05\/gas-e-gasolina-500x291.jpg\" alt=\"\" width=\"500\" height=\"291\" srcset=\"https:\/\/www.sudoestehoje.com.br\/novoportal\/wp-content\/uploads\/2022\/05\/gas-e-gasolina-500x291.jpg 500w, https:\/\/www.sudoestehoje.com.br\/novoportal\/wp-content\/uploads\/2022\/05\/gas-e-gasolina-700x407.jpg 700w, https:\/\/www.sudoestehoje.com.br\/novoportal\/wp-content\/uploads\/2022\/05\/gas-e-gasolina.jpg 726w\" sizes=\"auto, (max-width: 500px) 100vw, 500px\" \/><\/a><\/p>\n<p><strong>O m\u00eas de maio come\u00e7a com uma boa e outra m\u00e1 not\u00edcia para o bolso dos baianos. O que vai trazer um pouco mais de al\u00edvio \u00e9 a redu\u00e7\u00e3o no pre\u00e7o do g\u00e1s de cozinha. A Acelen, fazendo valer a sua pol\u00edtica de que a cada dia 1\u00b0 do m\u00eas ir\u00e1 rever os pre\u00e7os praticados, podendo haver aumento ou diminui\u00e7\u00e3o no valor, anunciou um barateamento no produto. \u00a0<\/strong><\/p>\n<p><strong>De acordo com o Sindicato de Revendedores de G\u00e1s da Bahia (Sindrevg\u00e1s), o com a medida, o g\u00e1s ficar\u00e1 entre R$ 4,00 a $ 5,00 mais barato, que j\u00e1\u00a0come\u00e7a a valer a partir desta segunda-feira (2). Segundo o levantamento semanal da Ag\u00eancia Nacional de Petr\u00f3leo (ANP), entre os dias 24 e 30 de abril, a m\u00e9dia do botij\u00e3o na Bahia era vendido por R$ 107,84. O valor mais cara do produto no estado foi de R$ 150,00 e o mais barato foi encontrado por R$ 92,00.<\/strong><\/p>\n<p><strong>J\u00e1 os propriet\u00e1rios de ve\u00edculos est\u00e3o com motivos para se preocupar. Na \u00faltima quinta-feira (29), a Acelen anunciou o oitavo reajuste no pre\u00e7o dos combust\u00edveis neste ano. Mas ao contr\u00e1rio do que aconteceu no dia 2 de abril, quando houve redu\u00e7\u00e3o, a \u00faltima altera\u00e7\u00e3o foi para cima, de 11,3% no diesel S10, 11,4% no diesel S500 e 6,7% no pre\u00e7o do litro da gasolina.<\/strong><\/p>\n<p><strong>A Acelen justifica o aumento informando que os pre\u00e7os s\u00e3o amparados por crit\u00e9rios t\u00e9cnicos, em conson\u00e2ncia com as pr\u00e1ticas internacionais de mercado.<\/strong><\/p>\n","protected":false},"excerpt":{"rendered":"<p>O m\u00eas de maio come\u00e7a com uma boa e outra m\u00e1 not\u00edcia para o bolso dos baianos. O que vai trazer um pouco mais de al\u00edvio \u00e9 a redu\u00e7\u00e3o no pre\u00e7o do g\u00e1s de cozinha. A Acelen, fazendo valer a sua pol\u00edtica de que a cada dia 1\u00b0 do m\u00eas ir\u00e1 rever os pre\u00e7os praticados, [&hellip;]<\/p>\n","protected":false},"author":2,"featured_media":101730,"comment_status":"open","ping_status":"open","sticky":false,"template":"","format":"standard","meta":{"footnotes":"","_links_to":"","_links_to_target":""},"categories":[1],"tags":[],"class_list":["post-101728","post","type-post","status-publish","format-standard","has-post-thumbnail","hentry","category-geral"],"views":1035,"_links":{"self":[{"href":"https:\/\/www.sudoestehoje.com.br\/novoportal\/wp-json\/wp\/v2\/posts\/101728","targetHints":{"allow":["GET"]}}],"collection":[{"href":"https:\/\/www.sudoestehoje.com.br\/novoportal\/wp-json\/wp\/v2\/posts"}],"about":[{"href":"https:\/\/www.sudoestehoje.com.br\/novoportal\/wp-json\/wp\/v2\/types\/post"}],"author":[{"embeddable":true,"href":"https:\/\/www.sudoestehoje.com.br\/novoportal\/wp-json\/wp\/v2\/users\/2"}],"replies":[{"embeddable":true,"href":"https:\/\/www.sudoestehoje.com.br\/novoportal\/wp-json\/wp\/v2\/comments?post=101728"}],"version-history":[{"count":2,"href":"https:\/\/www.sudoestehoje.com.br\/novoportal\/wp-json\/wp\/v2\/posts\/101728\/revisions"}],"predecessor-version":[{"id":101731,"href":"https:\/\/www.sudoestehoje.com.br\/novoportal\/wp-json\/wp\/v2\/posts\/101728\/revisions\/101731"}],"wp:featuredmedia":[{"embeddable":true,"href":"https:\/\/www.sudoestehoje.com.br\/novoportal\/wp-json\/wp\/v2\/media\/101730"}],"wp:attachment":[{"href":"https:\/\/www.sudoestehoje.com.br\/novoportal\/wp-json\/wp\/v2\/media?parent=101728"}],"wp:term":[{"taxonomy":"category","embeddable":true,"href":"https:\/\/www.sudoestehoje.com.br\/novoportal\/wp-json\/wp\/v2\/categories?post=101728"},{"taxonomy":"post_tag","embeddable":true,"href":"https:\/\/www.sudoestehoje.com.br\/novoportal\/wp-json\/wp\/v2\/tags?post=101728"}],"curies":[{"name":"wp","href":"https:\/\/api.w.org\/{rel}","templated":true}]}}