
{"id":101707,"date":"2022-04-30T22:03:12","date_gmt":"2022-05-01T01:03:12","guid":{"rendered":"https:\/\/www.sudoestehoje.com.br\/novoportal\/?p=101707"},"modified":"2022-04-30T22:03:12","modified_gmt":"2022-05-01T01:03:12","slug":"proximidade-do-dia-das-maes-comeca-a-embalar-o-comercio-de-itapetinga","status":"publish","type":"post","link":"https:\/\/www.sudoestehoje.com.br\/novoportal\/2022\/04\/30\/proximidade-do-dia-das-maes-comeca-a-embalar-o-comercio-de-itapetinga\/","title":{"rendered":"PROXIMIDADE DO &#8216;DIA DAS M\u00c3ES&#8217; COME\u00c7A A EMBALAR O COM\u00c9RCIO DE ITAPETINGA"},"content":{"rendered":"<p><a href=\"https:\/\/www.sudoestehoje.com.br\/novoportal\/wp-content\/uploads\/2022\/04\/WhatsApp-Image-2022-04-30-at-22.00.06.jpeg\"><img loading=\"lazy\" decoding=\"async\" class=\"aligncenter size-medium wp-image-101710\" src=\"https:\/\/www.sudoestehoje.com.br\/novoportal\/wp-content\/uploads\/2022\/04\/WhatsApp-Image-2022-04-30-at-22.00.06-500x245.jpeg\" alt=\"\" width=\"500\" height=\"245\" srcset=\"https:\/\/www.sudoestehoje.com.br\/novoportal\/wp-content\/uploads\/2022\/04\/WhatsApp-Image-2022-04-30-at-22.00.06-500x245.jpeg 500w, https:\/\/www.sudoestehoje.com.br\/novoportal\/wp-content\/uploads\/2022\/04\/WhatsApp-Image-2022-04-30-at-22.00.06-700x343.jpeg 700w, https:\/\/www.sudoestehoje.com.br\/novoportal\/wp-content\/uploads\/2022\/04\/WhatsApp-Image-2022-04-30-at-22.00.06-768x376.jpeg 768w, https:\/\/www.sudoestehoje.com.br\/novoportal\/wp-content\/uploads\/2022\/04\/WhatsApp-Image-2022-04-30-at-22.00.06.jpeg 1459w\" sizes=\"auto, (max-width: 500px) 100vw, 500px\" \/><\/a><\/p>\n<p>Comemorado no segundo domingo de maio, o Dia das M\u00e3es \u00e9 a 2\u00aa data que mais movimenta o com\u00e9rcio no Brasil, perdendo apenas para o Natal.<\/p>\n<p>Em 2022, a data comemorativa \u00e0s m\u00e3es cair\u00e1 no dia 8 de maio e o com\u00e9rcio de Itapetinga j\u00e1 come\u00e7a a experimentar uma expressiva movimenta\u00e7\u00e3o, principalmente nas lojas de presentes, roupas e cal\u00e7ados.<\/p>\n<p>Na manh\u00e3 deste s\u00e1bado, o centro comercial de Itapetinga esteve movimentado, sinalizando que as compras ser\u00e3o boas, embalando a economia local.<\/p>\n<p><strong><em>Por Davi Ferraz<\/em><\/strong><\/p>\n","protected":false},"excerpt":{"rendered":"<p>Comemorado no segundo domingo de maio, o Dia das M\u00e3es \u00e9 a 2\u00aa data que mais movimenta o com\u00e9rcio no Brasil, perdendo apenas para o Natal. Em 2022, a data comemorativa \u00e0s m\u00e3es cair\u00e1 no dia 8 de maio e o com\u00e9rcio de Itapetinga j\u00e1 come\u00e7a a experimentar uma expressiva movimenta\u00e7\u00e3o, principalmente nas lojas de [&hellip;]<\/p>\n","protected":false},"author":2,"featured_media":101710,"comment_status":"open","ping_status":"open","sticky":false,"template":"","format":"standard","meta":{"footnotes":"","_links_to":"","_links_to_target":""},"categories":[1],"tags":[],"class_list":["post-101707","post","type-post","status-publish","format-standard","has-post-thumbnail","hentry","category-geral"],"views":1028,"_links":{"self":[{"href":"https:\/\/www.sudoestehoje.com.br\/novoportal\/wp-json\/wp\/v2\/posts\/101707","targetHints":{"allow":["GET"]}}],"collection":[{"href":"https:\/\/www.sudoestehoje.com.br\/novoportal\/wp-json\/wp\/v2\/posts"}],"about":[{"href":"https:\/\/www.sudoestehoje.com.br\/novoportal\/wp-json\/wp\/v2\/types\/post"}],"author":[{"embeddable":true,"href":"https:\/\/www.sudoestehoje.com.br\/novoportal\/wp-json\/wp\/v2\/users\/2"}],"replies":[{"embeddable":true,"href":"https:\/\/www.sudoestehoje.com.br\/novoportal\/wp-json\/wp\/v2\/comments?post=101707"}],"version-history":[{"count":3,"href":"https:\/\/www.sudoestehoje.com.br\/novoportal\/wp-json\/wp\/v2\/posts\/101707\/revisions"}],"predecessor-version":[{"id":101711,"href":"https:\/\/www.sudoestehoje.com.br\/novoportal\/wp-json\/wp\/v2\/posts\/101707\/revisions\/101711"}],"wp:featuredmedia":[{"embeddable":true,"href":"https:\/\/www.sudoestehoje.com.br\/novoportal\/wp-json\/wp\/v2\/media\/101710"}],"wp:attachment":[{"href":"https:\/\/www.sudoestehoje.com.br\/novoportal\/wp-json\/wp\/v2\/media?parent=101707"}],"wp:term":[{"taxonomy":"category","embeddable":true,"href":"https:\/\/www.sudoestehoje.com.br\/novoportal\/wp-json\/wp\/v2\/categories?post=101707"},{"taxonomy":"post_tag","embeddable":true,"href":"https:\/\/www.sudoestehoje.com.br\/novoportal\/wp-json\/wp\/v2\/tags?post=101707"}],"curies":[{"name":"wp","href":"https:\/\/api.w.org\/{rel}","templated":true}]}}