
{"id":101687,"date":"2022-04-29T09:09:59","date_gmt":"2022-04-29T12:09:59","guid":{"rendered":"https:\/\/www.sudoestehoje.com.br\/novoportal\/?p=101687"},"modified":"2022-04-29T09:09:59","modified_gmt":"2022-04-29T12:09:59","slug":"rodrigo-hagge-participa-de-encontro-politico-ao-lado-de-acm-neto-em-ilheus","status":"publish","type":"post","link":"https:\/\/www.sudoestehoje.com.br\/novoportal\/2022\/04\/29\/rodrigo-hagge-participa-de-encontro-politico-ao-lado-de-acm-neto-em-ilheus\/","title":{"rendered":"RODRIGO HAGGE PARTICIPA DE ENCONTRO POL\u00cdTICO AO LADO DE ACM NETO EM ILH\u00c9US"},"content":{"rendered":"<p><a href=\"https:\/\/www.sudoestehoje.com.br\/novoportal\/wp-content\/uploads\/2022\/04\/WhatsApp-Image-2022-04-28-at-22.32.39-1.jpeg\"><img loading=\"lazy\" decoding=\"async\" class=\"aligncenter size-medium wp-image-101689\" src=\"https:\/\/www.sudoestehoje.com.br\/novoportal\/wp-content\/uploads\/2022\/04\/WhatsApp-Image-2022-04-28-at-22.32.39-1-500x469.jpeg\" alt=\"\" width=\"500\" height=\"469\" srcset=\"https:\/\/www.sudoestehoje.com.br\/novoportal\/wp-content\/uploads\/2022\/04\/WhatsApp-Image-2022-04-28-at-22.32.39-1-500x469.jpeg 500w, https:\/\/www.sudoestehoje.com.br\/novoportal\/wp-content\/uploads\/2022\/04\/WhatsApp-Image-2022-04-28-at-22.32.39-1-700x657.jpeg 700w, https:\/\/www.sudoestehoje.com.br\/novoportal\/wp-content\/uploads\/2022\/04\/WhatsApp-Image-2022-04-28-at-22.32.39-1-768x720.jpeg 768w, https:\/\/www.sudoestehoje.com.br\/novoportal\/wp-content\/uploads\/2022\/04\/WhatsApp-Image-2022-04-28-at-22.32.39-1.jpeg 1032w\" sizes=\"auto, (max-width: 500px) 100vw, 500px\" \/><\/a><\/p>\n<p>Nesta quinta-feira (28), o ex-prefeito de Salvador, ACM Neto (UB), pr\u00e9-candidato \u00e0 governador da Bahia, participou de um evento pol\u00edtico com lideran\u00e7as do Sul do estado na cidade de Ilh\u00e9us, com a presen\u00e7a de pol\u00edticos e apoiadores da v\u00e1rias cidades, dentre eles o prefeito de Itapetinga, Rodrigo Hagge (MDB), que vem se destacando no cen\u00e1rio pol\u00edtico baiano.<\/p>\n<p>Ao lado de ACM Neto, do deputado estadual Pedro Tavares e outras lideran\u00e7as da regi\u00e3o, Rodrigo foi um dos destaques do encontro e ter\u00e1 papel importante na campanha estadual e em um eventual governo de Neto, em caso de vit\u00f3ria.<\/p>\n<p><strong><em>Por Davi Ferraz<\/em><\/strong><\/p>\n","protected":false},"excerpt":{"rendered":"<p>Nesta quinta-feira (28), o ex-prefeito de Salvador, ACM Neto (UB), pr\u00e9-candidato \u00e0 governador da Bahia, participou de um evento pol\u00edtico com lideran\u00e7as do Sul do estado na cidade de Ilh\u00e9us, com a presen\u00e7a de pol\u00edticos e apoiadores da v\u00e1rias cidades, dentre eles o prefeito de Itapetinga, Rodrigo Hagge (MDB), que vem se destacando no cen\u00e1rio [&hellip;]<\/p>\n","protected":false},"author":2,"featured_media":101689,"comment_status":"open","ping_status":"open","sticky":false,"template":"","format":"standard","meta":{"footnotes":"","_links_to":"","_links_to_target":""},"categories":[1],"tags":[],"class_list":["post-101687","post","type-post","status-publish","format-standard","has-post-thumbnail","hentry","category-geral"],"views":892,"_links":{"self":[{"href":"https:\/\/www.sudoestehoje.com.br\/novoportal\/wp-json\/wp\/v2\/posts\/101687","targetHints":{"allow":["GET"]}}],"collection":[{"href":"https:\/\/www.sudoestehoje.com.br\/novoportal\/wp-json\/wp\/v2\/posts"}],"about":[{"href":"https:\/\/www.sudoestehoje.com.br\/novoportal\/wp-json\/wp\/v2\/types\/post"}],"author":[{"embeddable":true,"href":"https:\/\/www.sudoestehoje.com.br\/novoportal\/wp-json\/wp\/v2\/users\/2"}],"replies":[{"embeddable":true,"href":"https:\/\/www.sudoestehoje.com.br\/novoportal\/wp-json\/wp\/v2\/comments?post=101687"}],"version-history":[{"count":3,"href":"https:\/\/www.sudoestehoje.com.br\/novoportal\/wp-json\/wp\/v2\/posts\/101687\/revisions"}],"predecessor-version":[{"id":101691,"href":"https:\/\/www.sudoestehoje.com.br\/novoportal\/wp-json\/wp\/v2\/posts\/101687\/revisions\/101691"}],"wp:featuredmedia":[{"embeddable":true,"href":"https:\/\/www.sudoestehoje.com.br\/novoportal\/wp-json\/wp\/v2\/media\/101689"}],"wp:attachment":[{"href":"https:\/\/www.sudoestehoje.com.br\/novoportal\/wp-json\/wp\/v2\/media?parent=101687"}],"wp:term":[{"taxonomy":"category","embeddable":true,"href":"https:\/\/www.sudoestehoje.com.br\/novoportal\/wp-json\/wp\/v2\/categories?post=101687"},{"taxonomy":"post_tag","embeddable":true,"href":"https:\/\/www.sudoestehoje.com.br\/novoportal\/wp-json\/wp\/v2\/tags?post=101687"}],"curies":[{"name":"wp","href":"https:\/\/api.w.org\/{rel}","templated":true}]}}