
{"id":101670,"date":"2022-04-28T18:09:19","date_gmt":"2022-04-28T21:09:19","guid":{"rendered":"https:\/\/www.sudoestehoje.com.br\/novoportal\/?p=101670"},"modified":"2022-04-28T18:09:19","modified_gmt":"2022-04-28T21:09:19","slug":"pedro-tavares-cobra-ao-governo-o-cumprimento-da-promessa-de-recuperar-a-avenida-julio-rodrigues-em-itapetinga","status":"publish","type":"post","link":"https:\/\/www.sudoestehoje.com.br\/novoportal\/2022\/04\/28\/pedro-tavares-cobra-ao-governo-o-cumprimento-da-promessa-de-recuperar-a-avenida-julio-rodrigues-em-itapetinga\/","title":{"rendered":"PEDRO TAVARES COBRA AO GOVERNO O CUMPRIMENTO DA PROMESSA DE RECUPERAR A AVENIDA JULIO RODRIGUES EM ITAPETINGA"},"content":{"rendered":"<p><a href=\"https:\/\/www.sudoestehoje.com.br\/novoportal\/wp-content\/uploads\/2022\/04\/WhatsApp-Image-2022-04-28-at-18.03.01.jpeg\"><img loading=\"lazy\" decoding=\"async\" class=\"aligncenter size-medium wp-image-101680\" src=\"https:\/\/www.sudoestehoje.com.br\/novoportal\/wp-content\/uploads\/2022\/04\/WhatsApp-Image-2022-04-28-at-18.03.01-500x333.jpeg\" alt=\"\" width=\"500\" height=\"333\" srcset=\"https:\/\/www.sudoestehoje.com.br\/novoportal\/wp-content\/uploads\/2022\/04\/WhatsApp-Image-2022-04-28-at-18.03.01-500x333.jpeg 500w, https:\/\/www.sudoestehoje.com.br\/novoportal\/wp-content\/uploads\/2022\/04\/WhatsApp-Image-2022-04-28-at-18.03.01-700x466.jpeg 700w, https:\/\/www.sudoestehoje.com.br\/novoportal\/wp-content\/uploads\/2022\/04\/WhatsApp-Image-2022-04-28-at-18.03.01-768x512.jpeg 768w, https:\/\/www.sudoestehoje.com.br\/novoportal\/wp-content\/uploads\/2022\/04\/WhatsApp-Image-2022-04-28-at-18.03.01.jpeg 1280w\" sizes=\"auto, (max-width: 500px) 100vw, 500px\" \/><\/a><\/p>\n<p>Como presidente da Comiss\u00e3o de Infraestrutura, Turismo e Desenvolvimento Econ\u00f4mico da Assembleia Legislativa da Bahia e representante de Itapetinga, no Parlamento Estadual, o deputado estadual Pedro Tavares (Uni\u00e3o Brasil), participou ontem, na C\u00e2mara Municipal da cidade, da sess\u00e3o especial que teve o objetivo de discutir a situa\u00e7\u00e3o da Avenida J\u00falio Jos\u00e9 Rodrigues e a necessidade de reforma da via estadual.<\/p>\n<p><a href=\"https:\/\/www.sudoestehoje.com.br\/novoportal\/wp-content\/uploads\/2022\/04\/WhatsApp-Image-2022-04-28-at-18.03.00.jpeg\"><img loading=\"lazy\" decoding=\"async\" class=\"aligncenter size-medium wp-image-101679\" src=\"https:\/\/www.sudoestehoje.com.br\/novoportal\/wp-content\/uploads\/2022\/04\/WhatsApp-Image-2022-04-28-at-18.03.00-500x333.jpeg\" alt=\"\" width=\"500\" height=\"333\" srcset=\"https:\/\/www.sudoestehoje.com.br\/novoportal\/wp-content\/uploads\/2022\/04\/WhatsApp-Image-2022-04-28-at-18.03.00-500x333.jpeg 500w, https:\/\/www.sudoestehoje.com.br\/novoportal\/wp-content\/uploads\/2022\/04\/WhatsApp-Image-2022-04-28-at-18.03.00-700x466.jpeg 700w, https:\/\/www.sudoestehoje.com.br\/novoportal\/wp-content\/uploads\/2022\/04\/WhatsApp-Image-2022-04-28-at-18.03.00-768x512.jpeg 768w, https:\/\/www.sudoestehoje.com.br\/novoportal\/wp-content\/uploads\/2022\/04\/WhatsApp-Image-2022-04-28-at-18.03.00.jpeg 1280w\" sizes=\"auto, (max-width: 500px) 100vw, 500px\" \/><\/a><\/p>\n<p>Durante o seu pronunciamento, o deputado cobrou ao Governo do estado, a recupera\u00e7\u00e3o da via. \u201cA popula\u00e7\u00e3o de Itapetinga vem enfrentando dificuldades por conta da situa\u00e7\u00e3o deplor\u00e1vel dessa importante avenida da cidade. S\u00e3o muitos relatos de comerciantes, empresas de transportes e cidad\u00e3os do munic\u00edpio que v\u00eam sofrendo preju\u00edzos por conta do prec\u00e1rio estado da via. O Governo fez v\u00e1rias promessas, mas frustrou a popula\u00e7\u00e3o que anseia por uma solu\u00e7\u00e3o\u201d, afirmou.<\/p>\n<p><a href=\"https:\/\/www.sudoestehoje.com.br\/novoportal\/wp-content\/uploads\/2022\/04\/WhatsApp-Image-2022-04-28-at-18.03.03.jpeg\"><img loading=\"lazy\" decoding=\"async\" class=\"aligncenter size-medium wp-image-101674\" src=\"https:\/\/www.sudoestehoje.com.br\/novoportal\/wp-content\/uploads\/2022\/04\/WhatsApp-Image-2022-04-28-at-18.03.03-500x333.jpeg\" alt=\"\" width=\"500\" height=\"333\" srcset=\"https:\/\/www.sudoestehoje.com.br\/novoportal\/wp-content\/uploads\/2022\/04\/WhatsApp-Image-2022-04-28-at-18.03.03-500x333.jpeg 500w, https:\/\/www.sudoestehoje.com.br\/novoportal\/wp-content\/uploads\/2022\/04\/WhatsApp-Image-2022-04-28-at-18.03.03-700x466.jpeg 700w, https:\/\/www.sudoestehoje.com.br\/novoportal\/wp-content\/uploads\/2022\/04\/WhatsApp-Image-2022-04-28-at-18.03.03-768x512.jpeg 768w, https:\/\/www.sudoestehoje.com.br\/novoportal\/wp-content\/uploads\/2022\/04\/WhatsApp-Image-2022-04-28-at-18.03.03.jpeg 1280w\" sizes=\"auto, (max-width: 500px) 100vw, 500px\" \/><\/a><br \/>\nA sess\u00e3o contou com a participa\u00e7\u00e3o da maioria dos vereadores. \u201cQuero parabenizar a C\u00e2mara, o vereador Tarug\u00e3o pela iniciativa e a todos os vereadores por discutirem essa quest\u00e3o que vem trazendo muitos transtornos \u00e0 popula\u00e7\u00e3o de Itapetinga\u201d, afirmou.<\/p>\n<p><a href=\"https:\/\/www.sudoestehoje.com.br\/novoportal\/wp-content\/uploads\/2022\/04\/WhatsApp-Image-2022-04-28-at-18.03.02.jpeg\"><img loading=\"lazy\" decoding=\"async\" class=\"aligncenter size-medium wp-image-101676\" src=\"https:\/\/www.sudoestehoje.com.br\/novoportal\/wp-content\/uploads\/2022\/04\/WhatsApp-Image-2022-04-28-at-18.03.02-500x333.jpeg\" alt=\"\" width=\"500\" height=\"333\" srcset=\"https:\/\/www.sudoestehoje.com.br\/novoportal\/wp-content\/uploads\/2022\/04\/WhatsApp-Image-2022-04-28-at-18.03.02-500x333.jpeg 500w, https:\/\/www.sudoestehoje.com.br\/novoportal\/wp-content\/uploads\/2022\/04\/WhatsApp-Image-2022-04-28-at-18.03.02-700x466.jpeg 700w, https:\/\/www.sudoestehoje.com.br\/novoportal\/wp-content\/uploads\/2022\/04\/WhatsApp-Image-2022-04-28-at-18.03.02-768x512.jpeg 768w, https:\/\/www.sudoestehoje.com.br\/novoportal\/wp-content\/uploads\/2022\/04\/WhatsApp-Image-2022-04-28-at-18.03.02.jpeg 1280w\" sizes=\"auto, (max-width: 500px) 100vw, 500px\" \/><\/a><br \/>\nO parlamentar aproveitou para reafirmar o compromisso com Itapetinga e a sua defesa em torno das quest\u00f5es que interessam o munic\u00edpio. <em>\/\/Ascom : Deputado Pedro Tavares<\/em><\/p>\n","protected":false},"excerpt":{"rendered":"<p>Como presidente da Comiss\u00e3o de Infraestrutura, Turismo e Desenvolvimento Econ\u00f4mico da Assembleia Legislativa da Bahia e representante de Itapetinga, no Parlamento Estadual, o deputado estadual Pedro Tavares (Uni\u00e3o Brasil), participou ontem, na C\u00e2mara Municipal da cidade, da sess\u00e3o especial que teve o objetivo de discutir a situa\u00e7\u00e3o da Avenida J\u00falio Jos\u00e9 Rodrigues e a necessidade [&hellip;]<\/p>\n","protected":false},"author":2,"featured_media":101680,"comment_status":"open","ping_status":"open","sticky":false,"template":"","format":"standard","meta":{"footnotes":"","_links_to":"","_links_to_target":""},"categories":[1],"tags":[],"class_list":["post-101670","post","type-post","status-publish","format-standard","has-post-thumbnail","hentry","category-geral"],"views":848,"_links":{"self":[{"href":"https:\/\/www.sudoestehoje.com.br\/novoportal\/wp-json\/wp\/v2\/posts\/101670","targetHints":{"allow":["GET"]}}],"collection":[{"href":"https:\/\/www.sudoestehoje.com.br\/novoportal\/wp-json\/wp\/v2\/posts"}],"about":[{"href":"https:\/\/www.sudoestehoje.com.br\/novoportal\/wp-json\/wp\/v2\/types\/post"}],"author":[{"embeddable":true,"href":"https:\/\/www.sudoestehoje.com.br\/novoportal\/wp-json\/wp\/v2\/users\/2"}],"replies":[{"embeddable":true,"href":"https:\/\/www.sudoestehoje.com.br\/novoportal\/wp-json\/wp\/v2\/comments?post=101670"}],"version-history":[{"count":2,"href":"https:\/\/www.sudoestehoje.com.br\/novoportal\/wp-json\/wp\/v2\/posts\/101670\/revisions"}],"predecessor-version":[{"id":101681,"href":"https:\/\/www.sudoestehoje.com.br\/novoportal\/wp-json\/wp\/v2\/posts\/101670\/revisions\/101681"}],"wp:featuredmedia":[{"embeddable":true,"href":"https:\/\/www.sudoestehoje.com.br\/novoportal\/wp-json\/wp\/v2\/media\/101680"}],"wp:attachment":[{"href":"https:\/\/www.sudoestehoje.com.br\/novoportal\/wp-json\/wp\/v2\/media?parent=101670"}],"wp:term":[{"taxonomy":"category","embeddable":true,"href":"https:\/\/www.sudoestehoje.com.br\/novoportal\/wp-json\/wp\/v2\/categories?post=101670"},{"taxonomy":"post_tag","embeddable":true,"href":"https:\/\/www.sudoestehoje.com.br\/novoportal\/wp-json\/wp\/v2\/tags?post=101670"}],"curies":[{"name":"wp","href":"https:\/\/api.w.org\/{rel}","templated":true}]}}