
{"id":101657,"date":"2022-04-28T08:19:04","date_gmt":"2022-04-28T11:19:04","guid":{"rendered":"https:\/\/www.sudoestehoje.com.br\/novoportal\/?p=101657"},"modified":"2022-04-28T08:19:04","modified_gmt":"2022-04-28T11:19:04","slug":"deputado-pedro-tavares-critica-politica-de-seguranca-publica-na-bahia","status":"publish","type":"post","link":"https:\/\/www.sudoestehoje.com.br\/novoportal\/2022\/04\/28\/deputado-pedro-tavares-critica-politica-de-seguranca-publica-na-bahia\/","title":{"rendered":"DEPUTADO PEDRO TAVARES CRITICA POL\u00cdTICA DE SEGURAN\u00c7A P\u00daBLICA NA BAHIA"},"content":{"rendered":"<p><a href=\"https:\/\/www.sudoestehoje.com.br\/novoportal\/wp-content\/uploads\/2022\/04\/pedro-tavares-eleicao-mesa-diretora-assembleia-foto-sandra-travassos-alba.jpg\"><img loading=\"lazy\" decoding=\"async\" class=\"aligncenter size-medium wp-image-101658\" src=\"https:\/\/www.sudoestehoje.com.br\/novoportal\/wp-content\/uploads\/2022\/04\/pedro-tavares-eleicao-mesa-diretora-assembleia-foto-sandra-travassos-alba-500x350.jpg\" alt=\"\" width=\"500\" height=\"350\" srcset=\"https:\/\/www.sudoestehoje.com.br\/novoportal\/wp-content\/uploads\/2022\/04\/pedro-tavares-eleicao-mesa-diretora-assembleia-foto-sandra-travassos-alba-500x350.jpg 500w, https:\/\/www.sudoestehoje.com.br\/novoportal\/wp-content\/uploads\/2022\/04\/pedro-tavares-eleicao-mesa-diretora-assembleia-foto-sandra-travassos-alba.jpg 600w\" sizes=\"auto, (max-width: 500px) 100vw, 500px\" \/><\/a><\/p>\n<p>A atual pol\u00edtica de seguran\u00e7a p\u00fablica da Bahia foi criticada pelo deputado estadual Pedro Tavares (Uni\u00e3o Brasil). Ao comentar os crimes recentes e o relato da popula\u00e7\u00e3o, em todas as regi\u00f5es, sobre a ocorr\u00eancia de assaltos e homic\u00eddios, ele lamentou o crescimento da sensa\u00e7\u00e3o de inseguran\u00e7a no estado.<\/p>\n<p><em>\u201cLamentavelmente todos os dias vemos novos registros de viol\u00eancia na capital e no interior. Em Salvador, as escolas e os estabelecimentos comerciais t\u00eam sido alvos constantes da criminalidade. No interior cresce o n\u00famero de assaltos na zona rural e na \u00e1rea urbana, com assaltantes tomando motocicletas e aparelhos celulares. Al\u00e9m disso, assusta a\u00a0quantidade de homic\u00eddios a cada final de semana\u201d<\/em>, comentou o deputado.<\/p>\n<p>Tavares enfatizou que a popula\u00e7\u00e3o baiana j\u00e1 n\u00e3o aguenta mais ter que sair \u00e0s ruas com medo, frequentar bares, restaurantes e hamburguerias, andar de \u00f4nibus coletivo e passar por situa\u00e7\u00f5es de roubo e assalto. <em>\u201cComo se j\u00e1 n\u00e3o bastasse a inseguran\u00e7a em locais de atividades comerciais, a criminalidade ronda agora as escolas. Infelizmente as pessoas n\u00e3o t\u00eam mais paz. Precisamos de uma seguran\u00e7a p\u00fablica mais efetiva na preven\u00e7\u00e3o e combate ao crime, al\u00e9m de mais investimentos na \u00e1rea de educa\u00e7\u00e3o e na gera\u00e7\u00e3o de emprego. O nosso clamor tamb\u00e9m \u00e9 para que os profissionais que lutam arduamente para levar mais tranquilidade \u00e0 popula\u00e7\u00e3o sejam mais valorizados com melhores condi\u00e7\u00f5es de trabalho\u201d<\/em>, concluiu.<\/p>\n","protected":false},"excerpt":{"rendered":"<p>A atual pol\u00edtica de seguran\u00e7a p\u00fablica da Bahia foi criticada pelo deputado estadual Pedro Tavares (Uni\u00e3o Brasil). Ao comentar os crimes recentes e o relato da popula\u00e7\u00e3o, em todas as regi\u00f5es, sobre a ocorr\u00eancia de assaltos e homic\u00eddios, ele lamentou o crescimento da sensa\u00e7\u00e3o de inseguran\u00e7a no estado. \u201cLamentavelmente todos os dias vemos novos registros [&hellip;]<\/p>\n","protected":false},"author":2,"featured_media":101658,"comment_status":"open","ping_status":"open","sticky":false,"template":"","format":"standard","meta":{"footnotes":"","_links_to":"","_links_to_target":""},"categories":[1],"tags":[],"class_list":["post-101657","post","type-post","status-publish","format-standard","has-post-thumbnail","hentry","category-geral"],"views":833,"_links":{"self":[{"href":"https:\/\/www.sudoestehoje.com.br\/novoportal\/wp-json\/wp\/v2\/posts\/101657","targetHints":{"allow":["GET"]}}],"collection":[{"href":"https:\/\/www.sudoestehoje.com.br\/novoportal\/wp-json\/wp\/v2\/posts"}],"about":[{"href":"https:\/\/www.sudoestehoje.com.br\/novoportal\/wp-json\/wp\/v2\/types\/post"}],"author":[{"embeddable":true,"href":"https:\/\/www.sudoestehoje.com.br\/novoportal\/wp-json\/wp\/v2\/users\/2"}],"replies":[{"embeddable":true,"href":"https:\/\/www.sudoestehoje.com.br\/novoportal\/wp-json\/wp\/v2\/comments?post=101657"}],"version-history":[{"count":1,"href":"https:\/\/www.sudoestehoje.com.br\/novoportal\/wp-json\/wp\/v2\/posts\/101657\/revisions"}],"predecessor-version":[{"id":101659,"href":"https:\/\/www.sudoestehoje.com.br\/novoportal\/wp-json\/wp\/v2\/posts\/101657\/revisions\/101659"}],"wp:featuredmedia":[{"embeddable":true,"href":"https:\/\/www.sudoestehoje.com.br\/novoportal\/wp-json\/wp\/v2\/media\/101658"}],"wp:attachment":[{"href":"https:\/\/www.sudoestehoje.com.br\/novoportal\/wp-json\/wp\/v2\/media?parent=101657"}],"wp:term":[{"taxonomy":"category","embeddable":true,"href":"https:\/\/www.sudoestehoje.com.br\/novoportal\/wp-json\/wp\/v2\/categories?post=101657"},{"taxonomy":"post_tag","embeddable":true,"href":"https:\/\/www.sudoestehoje.com.br\/novoportal\/wp-json\/wp\/v2\/tags?post=101657"}],"curies":[{"name":"wp","href":"https:\/\/api.w.org\/{rel}","templated":true}]}}