
{"id":101647,"date":"2022-04-27T22:46:31","date_gmt":"2022-04-28T01:46:31","guid":{"rendered":"https:\/\/www.sudoestehoje.com.br\/novoportal\/?p=101647"},"modified":"2022-04-27T23:37:23","modified_gmt":"2022-04-28T02:37:23","slug":"urgente-jorge-da-abenfac-acaba-de-cometer-suicidio-na-prisao-em-macarani","status":"publish","type":"post","link":"https:\/\/www.sudoestehoje.com.br\/novoportal\/2022\/04\/27\/urgente-jorge-da-abenfac-acaba-de-cometer-suicidio-na-prisao-em-macarani\/","title":{"rendered":"URGENTE ! JORGE DA ABENFAC ACABA DE COMETER SUIC\u00cdDIO NA PRIS\u00c3O EM MACARANI"},"content":{"rendered":"<p><a href=\"https:\/\/www.sudoestehoje.com.br\/novoportal\/wp-content\/uploads\/2022\/04\/IMG_20220425_104520.jpg\"><img loading=\"lazy\" decoding=\"async\" class=\"aligncenter size-medium wp-image-101649\" src=\"https:\/\/www.sudoestehoje.com.br\/novoportal\/wp-content\/uploads\/2022\/04\/IMG_20220425_104520-500x387.jpg\" alt=\"\" width=\"500\" height=\"387\" srcset=\"https:\/\/www.sudoestehoje.com.br\/novoportal\/wp-content\/uploads\/2022\/04\/IMG_20220425_104520-500x387.jpg 500w, https:\/\/www.sudoestehoje.com.br\/novoportal\/wp-content\/uploads\/2022\/04\/IMG_20220425_104520-700x541.jpg 700w, https:\/\/www.sudoestehoje.com.br\/novoportal\/wp-content\/uploads\/2022\/04\/IMG_20220425_104520-768x594.jpg 768w, https:\/\/www.sudoestehoje.com.br\/novoportal\/wp-content\/uploads\/2022\/04\/IMG_20220425_104520.jpg 1000w\" sizes=\"auto, (max-width: 500px) 100vw, 500px\" \/><\/a><\/p>\n<p>Preso sob a acusa\u00e7\u00e3o de estupro de vulner\u00e1vel, os ex-vereador de Itapetinga, Jorge Farias (Jorge da Abenfac), acaba de cometer suic\u00eddio, segundo informa\u00e7\u00f5es que circulam nas redes sociais.<\/p>\n<p>De acordo com as primeiras informa\u00e7\u00f5es, Jorge se encontrava detido em uma cela na cidade de Macarani, em cumprimento de um Mandado de Pris\u00e3o Preventiva, realizado no in\u00edcio desta semana, pela Pol\u00edcia Civil.<\/p>\n<p>COFIRA NOTA DA POL\u00cdCIA CIVIL:<\/p>\n<p><strong><em>Del. Roberto: SUIC\u00cdDIO DE PESSOA CUSTODIADA<\/em><\/strong><\/p>\n<p><strong><em>&#8220;No dia de hoje (27\/04), por volta das 22:15h, o Plant\u00e3o Central na sede da 21a Coorpin-Itapetinga, recebeu a informa\u00e7\u00e3o que o preso J. L. F. S., havia supostamente se suicidado no interior da carceragem da DT DE MACARANI.<\/em><\/strong><\/p>\n<p><strong><em>O Coordenador Regional foi informado e imediatamente acionou o DPT para realiza\u00e7\u00e3o de per\u00edcia de local e remo\u00e7\u00e3o do corpo para necropsia.<\/em><\/strong><\/p>\n<p><strong><em>O preso foi encontrado morto no interior de uma das celas, enforcado com um len\u00e7ol por ele utilizado.<\/em><\/strong><\/p>\n<p><strong><em>J.L.F.S. teve sua pris\u00e3o preventiva decretada pela Justi\u00e7a Criminal da Comarca de Itapetinga, ap\u00f3s as investiga\u00e7\u00f5es constatarem a pr\u00e1tica dos crimes de estupro de vulner\u00e1vel e importuna\u00e7\u00e3o ofensiva ao pudor, praticados contra tr\u00eas v\u00edtimas.<\/em><\/strong><\/p>\n<p><strong><em>Lament\u00e1vel e triste, mas a Pol\u00edcia Civil fez seu trabalho de forma t\u00e9cnica e com total base legal.<\/em><\/strong><\/p>\n<p><strong><em>Os crimes atribu\u00eddos a esse investigado tem provas robustas e por tal motivo a Justi\u00e7a decretou acertadamente sua pris\u00e3o.<\/em><\/strong><\/p>\n<p><strong><em>O preso foi recambiado para Macarani justamente para preservar sua incolumidade f\u00edsica e para sua pr\u00f3pria seguran\u00e7a.<\/em><\/strong><\/p>\n<p><strong><em>Ainda ontem eu mesmo oficiei ao Conjunto Penal de Vit\u00f3ria da Conquista solicitando a remo\u00e7\u00e3o dele e de outros tr\u00eas presos.<\/em><\/strong><\/p>\n<p><strong><em>Ser\u00e1 instaurado inqu\u00e9rito policial para apurar todas as causas e circunst\u00e2ncias da morte do custodiado&#8221;.<\/em><\/strong><\/p>\n<p><strong><em>Reda\u00e7\u00e3o<\/em><\/strong><\/p>\n","protected":false},"excerpt":{"rendered":"<p>Preso sob a acusa\u00e7\u00e3o de estupro de vulner\u00e1vel, os ex-vereador de Itapetinga, Jorge Farias (Jorge da Abenfac), acaba de cometer suic\u00eddio, segundo informa\u00e7\u00f5es que circulam nas redes sociais. De acordo com as primeiras informa\u00e7\u00f5es, Jorge se encontrava detido em uma cela na cidade de Macarani, em cumprimento de um Mandado de Pris\u00e3o Preventiva, realizado no [&hellip;]<\/p>\n","protected":false},"author":2,"featured_media":101649,"comment_status":"open","ping_status":"open","sticky":false,"template":"","format":"standard","meta":{"footnotes":"","_links_to":"","_links_to_target":""},"categories":[1],"tags":[],"class_list":["post-101647","post","type-post","status-publish","format-standard","has-post-thumbnail","hentry","category-geral"],"views":2262,"_links":{"self":[{"href":"https:\/\/www.sudoestehoje.com.br\/novoportal\/wp-json\/wp\/v2\/posts\/101647","targetHints":{"allow":["GET"]}}],"collection":[{"href":"https:\/\/www.sudoestehoje.com.br\/novoportal\/wp-json\/wp\/v2\/posts"}],"about":[{"href":"https:\/\/www.sudoestehoje.com.br\/novoportal\/wp-json\/wp\/v2\/types\/post"}],"author":[{"embeddable":true,"href":"https:\/\/www.sudoestehoje.com.br\/novoportal\/wp-json\/wp\/v2\/users\/2"}],"replies":[{"embeddable":true,"href":"https:\/\/www.sudoestehoje.com.br\/novoportal\/wp-json\/wp\/v2\/comments?post=101647"}],"version-history":[{"count":7,"href":"https:\/\/www.sudoestehoje.com.br\/novoportal\/wp-json\/wp\/v2\/posts\/101647\/revisions"}],"predecessor-version":[{"id":101655,"href":"https:\/\/www.sudoestehoje.com.br\/novoportal\/wp-json\/wp\/v2\/posts\/101647\/revisions\/101655"}],"wp:featuredmedia":[{"embeddable":true,"href":"https:\/\/www.sudoestehoje.com.br\/novoportal\/wp-json\/wp\/v2\/media\/101649"}],"wp:attachment":[{"href":"https:\/\/www.sudoestehoje.com.br\/novoportal\/wp-json\/wp\/v2\/media?parent=101647"}],"wp:term":[{"taxonomy":"category","embeddable":true,"href":"https:\/\/www.sudoestehoje.com.br\/novoportal\/wp-json\/wp\/v2\/categories?post=101647"},{"taxonomy":"post_tag","embeddable":true,"href":"https:\/\/www.sudoestehoje.com.br\/novoportal\/wp-json\/wp\/v2\/tags?post=101647"}],"curies":[{"name":"wp","href":"https:\/\/api.w.org\/{rel}","templated":true}]}}