
{"id":101642,"date":"2022-04-27T18:50:02","date_gmt":"2022-04-27T21:50:02","guid":{"rendered":"https:\/\/www.sudoestehoje.com.br\/novoportal\/?p=101642"},"modified":"2022-04-27T21:57:43","modified_gmt":"2022-04-28T00:57:43","slug":"prefeito-rodrigo-hagge-recebe-vereadores-da-comissao-de-orcamento-da-camara","status":"publish","type":"post","link":"https:\/\/www.sudoestehoje.com.br\/novoportal\/2022\/04\/27\/prefeito-rodrigo-hagge-recebe-vereadores-da-comissao-de-orcamento-da-camara\/","title":{"rendered":"PREFEITO RODRIGO HAGGE RECEBE VEREADORES DA COMISS\u00c3O DE OR\u00c7AMENTO DA C\u00c2MARA"},"content":{"rendered":"<p><a href=\"https:\/\/www.sudoestehoje.com.br\/novoportal\/wp-content\/uploads\/2022\/04\/WhatsApp-Image-2022-04-27-at-11.11.45.jpeg\"><img loading=\"lazy\" decoding=\"async\" class=\"aligncenter size-medium wp-image-101643\" src=\"https:\/\/www.sudoestehoje.com.br\/novoportal\/wp-content\/uploads\/2022\/04\/WhatsApp-Image-2022-04-27-at-11.11.45-500x225.jpeg\" alt=\"\" width=\"500\" height=\"225\" srcset=\"https:\/\/www.sudoestehoje.com.br\/novoportal\/wp-content\/uploads\/2022\/04\/WhatsApp-Image-2022-04-27-at-11.11.45-500x225.jpeg 500w, https:\/\/www.sudoestehoje.com.br\/novoportal\/wp-content\/uploads\/2022\/04\/WhatsApp-Image-2022-04-27-at-11.11.45-700x315.jpeg 700w, https:\/\/www.sudoestehoje.com.br\/novoportal\/wp-content\/uploads\/2022\/04\/WhatsApp-Image-2022-04-27-at-11.11.45-768x346.jpeg 768w, https:\/\/www.sudoestehoje.com.br\/novoportal\/wp-content\/uploads\/2022\/04\/WhatsApp-Image-2022-04-27-at-11.11.45-1536x692.jpeg 1536w, https:\/\/www.sudoestehoje.com.br\/novoportal\/wp-content\/uploads\/2022\/04\/WhatsApp-Image-2022-04-27-at-11.11.45.jpeg 1600w\" sizes=\"auto, (max-width: 500px) 100vw, 500px\" \/><\/a><\/p>\n<p>Na manh\u00e3 desta quarta-feira (27), os vereadores Jo\u00e3o de Deus, Tuca e Helder Ladeia, membros da Comiss\u00e3o de Or\u00e7amento e Contas da C\u00e2mara Municipal, foram recepcionados pelo prefeito Rodrigo Hagge em seu gabinete, oportunidade em que foram discutidos alguns detalhes de projetos de interesse do executivo em tramita\u00e7\u00e3o no Legislativo.<\/p>\n<p>Na reuni\u00e3o, o presidente eleito da c\u00e2mara, vereador Jo\u00e3o de Deus, detalhou pontos de alguns projetos importantes que se encontram na pauta da c\u00e2mara para vota\u00e7\u00e3o, enquanto os vereadores Helder de Bandeira e Tuca reafirmaram a parceria produtiva com o executivo, tanto no campo pol\u00edtico, quanto na esfera administrativa.<\/p>\n<p>Presente na reuni\u00e3o, o ex-assessor jur\u00eddico da C\u00e2mara, Rivadavia Ferraz, agora assessor do Gabinete do Prefeito, tamb\u00e9m fez algumas observa\u00e7\u00f5es sobre os projetos, informando aos edis que nas pr\u00f3ximas semanas um novo espa\u00e7o ser\u00e1 disponibilizado na sede da prefeitura, para acompanhamento das demandas administrativas da edilidade, fortalecendo, ainda mais, o desempenho do mandato legislativo dos nossos representantes.<\/p>\n<p><strong><em>Por Davi Ferraz<\/em><\/strong><\/p>\n","protected":false},"excerpt":{"rendered":"<p>Na manh\u00e3 desta quarta-feira (27), os vereadores Jo\u00e3o de Deus, Tuca e Helder Ladeia, membros da Comiss\u00e3o de Or\u00e7amento e Contas da C\u00e2mara Municipal, foram recepcionados pelo prefeito Rodrigo Hagge em seu gabinete, oportunidade em que foram discutidos alguns detalhes de projetos de interesse do executivo em tramita\u00e7\u00e3o no Legislativo. Na reuni\u00e3o, o presidente eleito [&hellip;]<\/p>\n","protected":false},"author":2,"featured_media":101643,"comment_status":"open","ping_status":"open","sticky":false,"template":"","format":"standard","meta":{"footnotes":"","_links_to":"","_links_to_target":""},"categories":[1],"tags":[],"class_list":["post-101642","post","type-post","status-publish","format-standard","has-post-thumbnail","hentry","category-geral"],"views":862,"_links":{"self":[{"href":"https:\/\/www.sudoestehoje.com.br\/novoportal\/wp-json\/wp\/v2\/posts\/101642","targetHints":{"allow":["GET"]}}],"collection":[{"href":"https:\/\/www.sudoestehoje.com.br\/novoportal\/wp-json\/wp\/v2\/posts"}],"about":[{"href":"https:\/\/www.sudoestehoje.com.br\/novoportal\/wp-json\/wp\/v2\/types\/post"}],"author":[{"embeddable":true,"href":"https:\/\/www.sudoestehoje.com.br\/novoportal\/wp-json\/wp\/v2\/users\/2"}],"replies":[{"embeddable":true,"href":"https:\/\/www.sudoestehoje.com.br\/novoportal\/wp-json\/wp\/v2\/comments?post=101642"}],"version-history":[{"count":3,"href":"https:\/\/www.sudoestehoje.com.br\/novoportal\/wp-json\/wp\/v2\/posts\/101642\/revisions"}],"predecessor-version":[{"id":101646,"href":"https:\/\/www.sudoestehoje.com.br\/novoportal\/wp-json\/wp\/v2\/posts\/101642\/revisions\/101646"}],"wp:featuredmedia":[{"embeddable":true,"href":"https:\/\/www.sudoestehoje.com.br\/novoportal\/wp-json\/wp\/v2\/media\/101643"}],"wp:attachment":[{"href":"https:\/\/www.sudoestehoje.com.br\/novoportal\/wp-json\/wp\/v2\/media?parent=101642"}],"wp:term":[{"taxonomy":"category","embeddable":true,"href":"https:\/\/www.sudoestehoje.com.br\/novoportal\/wp-json\/wp\/v2\/categories?post=101642"},{"taxonomy":"post_tag","embeddable":true,"href":"https:\/\/www.sudoestehoje.com.br\/novoportal\/wp-json\/wp\/v2\/tags?post=101642"}],"curies":[{"name":"wp","href":"https:\/\/api.w.org\/{rel}","templated":true}]}}