
{"id":101627,"date":"2022-04-26T10:07:02","date_gmt":"2022-04-26T13:07:02","guid":{"rendered":"https:\/\/www.sudoestehoje.com.br\/novoportal\/?p=101627"},"modified":"2022-04-26T10:07:02","modified_gmt":"2022-04-26T13:07:02","slug":"itapetinga-presidente-da-coopardo-alex-coelho-integra-conselho-de-etica-da-oceb","status":"publish","type":"post","link":"https:\/\/www.sudoestehoje.com.br\/novoportal\/2022\/04\/26\/itapetinga-presidente-da-coopardo-alex-coelho-integra-conselho-de-etica-da-oceb\/","title":{"rendered":"ITAPETINGA: PRESIDENTE DA COOPARDO ALEX COELHO INTEGRA CONSELHO DE \u00c9TICA DA OCEB"},"content":{"rendered":"<p><a href=\"https:\/\/www.sudoestehoje.com.br\/novoportal\/wp-content\/uploads\/2022\/04\/WhatsApp-Image-2022-04-26-at-09.51.21.jpeg\"><img loading=\"lazy\" decoding=\"async\" class=\"aligncenter size-medium wp-image-101629\" src=\"https:\/\/www.sudoestehoje.com.br\/novoportal\/wp-content\/uploads\/2022\/04\/WhatsApp-Image-2022-04-26-at-09.51.21-500x531.jpeg\" alt=\"\" width=\"500\" height=\"531\" srcset=\"https:\/\/www.sudoestehoje.com.br\/novoportal\/wp-content\/uploads\/2022\/04\/WhatsApp-Image-2022-04-26-at-09.51.21-500x531.jpeg 500w, https:\/\/www.sudoestehoje.com.br\/novoportal\/wp-content\/uploads\/2022\/04\/WhatsApp-Image-2022-04-26-at-09.51.21-700x744.jpeg 700w, https:\/\/www.sudoestehoje.com.br\/novoportal\/wp-content\/uploads\/2022\/04\/WhatsApp-Image-2022-04-26-at-09.51.21-768x816.jpeg 768w, https:\/\/www.sudoestehoje.com.br\/novoportal\/wp-content\/uploads\/2022\/04\/WhatsApp-Image-2022-04-26-at-09.51.21.jpeg 1142w\" sizes=\"auto, (max-width: 500px) 100vw, 500px\" \/><\/a><\/p>\n<p>O presidente da COOPERATIVA MISTA DO MEDIO RIO PARDO &#8211; COOPARDO, passou a integrar o Conselho de \u00c9tica da Organiza\u00e7\u00e3o das Cooperativas do Estado da Bahia, pelo seu desempenho no comando da maior cooperativa do M\u00e9dio Sudoeste baiano.<\/p>\n<p>Alex Coelho assumiu o comando da Coopardo em abril de 2021, e j\u00e1 vem se destacando pelo excelente trabalho como gestor da entidade, com repercuss\u00e3o em todo o estado da Bahia.<\/p>\n<p>Durante a Exposi\u00e7\u00e3o Agropecu\u00e1ria que ser\u00e1 realizada em maio pr\u00f3ximo, a Coopardo manter\u00e1 o tradicional stand no Parque Juvino Oliveira, para expor seus produtos e recepcionar os associados, autoridades e visitantes.<\/p>\n<p><strong><em>Reda\u00e7\u00e3o SH<\/em><\/strong><\/p>\n","protected":false},"excerpt":{"rendered":"<p>O presidente da COOPERATIVA MISTA DO MEDIO RIO PARDO &#8211; COOPARDO, passou a integrar o Conselho de \u00c9tica da Organiza\u00e7\u00e3o das Cooperativas do Estado da Bahia, pelo seu desempenho no comando da maior cooperativa do M\u00e9dio Sudoeste baiano. Alex Coelho assumiu o comando da Coopardo em abril de 2021, e j\u00e1 vem se destacando pelo [&hellip;]<\/p>\n","protected":false},"author":2,"featured_media":101629,"comment_status":"open","ping_status":"open","sticky":false,"template":"","format":"standard","meta":{"footnotes":"","_links_to":"","_links_to_target":""},"categories":[1],"tags":[],"class_list":["post-101627","post","type-post","status-publish","format-standard","has-post-thumbnail","hentry","category-geral"],"views":1236,"_links":{"self":[{"href":"https:\/\/www.sudoestehoje.com.br\/novoportal\/wp-json\/wp\/v2\/posts\/101627","targetHints":{"allow":["GET"]}}],"collection":[{"href":"https:\/\/www.sudoestehoje.com.br\/novoportal\/wp-json\/wp\/v2\/posts"}],"about":[{"href":"https:\/\/www.sudoestehoje.com.br\/novoportal\/wp-json\/wp\/v2\/types\/post"}],"author":[{"embeddable":true,"href":"https:\/\/www.sudoestehoje.com.br\/novoportal\/wp-json\/wp\/v2\/users\/2"}],"replies":[{"embeddable":true,"href":"https:\/\/www.sudoestehoje.com.br\/novoportal\/wp-json\/wp\/v2\/comments?post=101627"}],"version-history":[{"count":3,"href":"https:\/\/www.sudoestehoje.com.br\/novoportal\/wp-json\/wp\/v2\/posts\/101627\/revisions"}],"predecessor-version":[{"id":101631,"href":"https:\/\/www.sudoestehoje.com.br\/novoportal\/wp-json\/wp\/v2\/posts\/101627\/revisions\/101631"}],"wp:featuredmedia":[{"embeddable":true,"href":"https:\/\/www.sudoestehoje.com.br\/novoportal\/wp-json\/wp\/v2\/media\/101629"}],"wp:attachment":[{"href":"https:\/\/www.sudoestehoje.com.br\/novoportal\/wp-json\/wp\/v2\/media?parent=101627"}],"wp:term":[{"taxonomy":"category","embeddable":true,"href":"https:\/\/www.sudoestehoje.com.br\/novoportal\/wp-json\/wp\/v2\/categories?post=101627"},{"taxonomy":"post_tag","embeddable":true,"href":"https:\/\/www.sudoestehoje.com.br\/novoportal\/wp-json\/wp\/v2\/tags?post=101627"}],"curies":[{"name":"wp","href":"https:\/\/api.w.org\/{rel}","templated":true}]}}