
{"id":101607,"date":"2022-04-24T22:37:54","date_gmt":"2022-04-25T01:37:54","guid":{"rendered":"https:\/\/www.sudoestehoje.com.br\/novoportal\/?p=101607"},"modified":"2022-04-24T22:37:54","modified_gmt":"2022-04-25T01:37:54","slug":"bandeira-indicacao-do-vereador-helder-e-atendida-e-limpeza-da-margem-do-rio-colonia-comeca-em-parceria-com-itororo","status":"publish","type":"post","link":"https:\/\/www.sudoestehoje.com.br\/novoportal\/2022\/04\/24\/bandeira-indicacao-do-vereador-helder-e-atendida-e-limpeza-da-margem-do-rio-colonia-comeca-em-parceria-com-itororo\/","title":{"rendered":"BANDEIRA | INDICA\u00c7\u00c3O DO VEREADOR HELDER \u00c9 ATENDIDA E LIMPEZA DA MARGEM DO RIO COL\u00d4NIA COME\u00c7A EM PARCERIA COM ITOROR\u00d3"},"content":{"rendered":"<p><a href=\"https:\/\/www.sudoestehoje.com.br\/novoportal\/wp-content\/uploads\/2022\/04\/WhatsApp-Image-2022-04-24-at-22.26.25.jpeg\"><img loading=\"lazy\" decoding=\"async\" class=\"aligncenter size-medium wp-image-101612\" src=\"https:\/\/www.sudoestehoje.com.br\/novoportal\/wp-content\/uploads\/2022\/04\/WhatsApp-Image-2022-04-24-at-22.26.25-500x375.jpeg\" alt=\"\" width=\"500\" height=\"375\" srcset=\"https:\/\/www.sudoestehoje.com.br\/novoportal\/wp-content\/uploads\/2022\/04\/WhatsApp-Image-2022-04-24-at-22.26.25-500x375.jpeg 500w, https:\/\/www.sudoestehoje.com.br\/novoportal\/wp-content\/uploads\/2022\/04\/WhatsApp-Image-2022-04-24-at-22.26.25-700x525.jpeg 700w, https:\/\/www.sudoestehoje.com.br\/novoportal\/wp-content\/uploads\/2022\/04\/WhatsApp-Image-2022-04-24-at-22.26.25-768x576.jpeg 768w, https:\/\/www.sudoestehoje.com.br\/novoportal\/wp-content\/uploads\/2022\/04\/WhatsApp-Image-2022-04-24-at-22.26.25.jpeg 1040w\" sizes=\"auto, (max-width: 500px) 100vw, 500px\" \/><\/a><\/p>\n<p>Uma reivindica\u00e7\u00e3o do vereador Helder Ladeia foi atendida pela prefeitura de Itapetinga, atrav\u00e9s de uma parceria com o munic\u00edpio de Itoror\u00f3: <strong>a limpeza das margens do Rio Col\u00f4nia, que limita os dois munic\u00edpios.<\/strong><\/p>\n<p><a href=\"https:\/\/www.sudoestehoje.com.br\/novoportal\/wp-content\/uploads\/2022\/04\/WhatsApp-Image-2022-04-24-at-22.26.27-2.jpeg\"><img loading=\"lazy\" decoding=\"async\" class=\"aligncenter size-medium wp-image-101609\" src=\"https:\/\/www.sudoestehoje.com.br\/novoportal\/wp-content\/uploads\/2022\/04\/WhatsApp-Image-2022-04-24-at-22.26.27-2-500x375.jpeg\" alt=\"\" width=\"500\" height=\"375\" srcset=\"https:\/\/www.sudoestehoje.com.br\/novoportal\/wp-content\/uploads\/2022\/04\/WhatsApp-Image-2022-04-24-at-22.26.27-2-500x375.jpeg 500w, https:\/\/www.sudoestehoje.com.br\/novoportal\/wp-content\/uploads\/2022\/04\/WhatsApp-Image-2022-04-24-at-22.26.27-2-700x525.jpeg 700w, https:\/\/www.sudoestehoje.com.br\/novoportal\/wp-content\/uploads\/2022\/04\/WhatsApp-Image-2022-04-24-at-22.26.27-2-768x576.jpeg 768w, https:\/\/www.sudoestehoje.com.br\/novoportal\/wp-content\/uploads\/2022\/04\/WhatsApp-Image-2022-04-24-at-22.26.27-2.jpeg 1040w\" sizes=\"auto, (max-width: 500px) 100vw, 500px\" \/><\/a><\/p>\n<p>O pedido do vereador Helder, feito atrav\u00e9s de uma Indica\u00e7\u00e3o na C\u00e2mara Municipal de Itapetinga, foi protocolada na secretaria do legislativo em 1\u00ba de fevereiro de 2021 e aprovada por unanimidade em 20 de maio do mesmo ano, pelo plen\u00e1rio.<a href=\"https:\/\/www.sudoestehoje.com.br\/novoportal\/wp-content\/uploads\/2022\/04\/WhatsApp-Image-2022-04-24-at-22.26.27.jpeg\"><img loading=\"lazy\" decoding=\"async\" class=\"aligncenter size-medium wp-image-101611\" src=\"https:\/\/www.sudoestehoje.com.br\/novoportal\/wp-content\/uploads\/2022\/04\/WhatsApp-Image-2022-04-24-at-22.26.27-500x375.jpeg\" alt=\"\" width=\"500\" height=\"375\" srcset=\"https:\/\/www.sudoestehoje.com.br\/novoportal\/wp-content\/uploads\/2022\/04\/WhatsApp-Image-2022-04-24-at-22.26.27-500x375.jpeg 500w, https:\/\/www.sudoestehoje.com.br\/novoportal\/wp-content\/uploads\/2022\/04\/WhatsApp-Image-2022-04-24-at-22.26.27-700x525.jpeg 700w, https:\/\/www.sudoestehoje.com.br\/novoportal\/wp-content\/uploads\/2022\/04\/WhatsApp-Image-2022-04-24-at-22.26.27-768x576.jpeg 768w, https:\/\/www.sudoestehoje.com.br\/novoportal\/wp-content\/uploads\/2022\/04\/WhatsApp-Image-2022-04-24-at-22.26.27.jpeg 1040w\" sizes=\"auto, (max-width: 500px) 100vw, 500px\" \/><\/a><\/p>\n<p>Com as chuvas de dezembro passado, a necessidade da limpeza das margens do rio mostrou mais que necess\u00e1ria, para evitar novos alagamento em Bandeira do Col\u00f4nia e Itoror\u00f3, causando transtornos e preju\u00edzos aos moradores dos dois munic\u00edpios.<a href=\"https:\/\/www.sudoestehoje.com.br\/novoportal\/wp-content\/uploads\/2022\/04\/WhatsApp-Image-2022-04-24-at-22.26.27-1.jpeg\"><img loading=\"lazy\" decoding=\"async\" class=\"aligncenter size-medium wp-image-101610\" src=\"https:\/\/www.sudoestehoje.com.br\/novoportal\/wp-content\/uploads\/2022\/04\/WhatsApp-Image-2022-04-24-at-22.26.27-1-500x375.jpeg\" alt=\"\" width=\"500\" height=\"375\" srcset=\"https:\/\/www.sudoestehoje.com.br\/novoportal\/wp-content\/uploads\/2022\/04\/WhatsApp-Image-2022-04-24-at-22.26.27-1-500x375.jpeg 500w, https:\/\/www.sudoestehoje.com.br\/novoportal\/wp-content\/uploads\/2022\/04\/WhatsApp-Image-2022-04-24-at-22.26.27-1-700x525.jpeg 700w, https:\/\/www.sudoestehoje.com.br\/novoportal\/wp-content\/uploads\/2022\/04\/WhatsApp-Image-2022-04-24-at-22.26.27-1-768x576.jpeg 768w, https:\/\/www.sudoestehoje.com.br\/novoportal\/wp-content\/uploads\/2022\/04\/WhatsApp-Image-2022-04-24-at-22.26.27-1.jpeg 1040w\" sizes=\"auto, (max-width: 500px) 100vw, 500px\" \/><\/a><\/p>\n<p>O vereador Helder comemorou o in\u00edcio dos trabalhos e reafirmou que vai continuar atuando em defesa dos interesses do distrito, em parceria com a gest\u00e3o do prefeito Rodrigo Hagge.<\/p>\n<p><a href=\"https:\/\/www.sudoestehoje.com.br\/novoportal\/wp-content\/uploads\/2022\/04\/WhatsApp-Image-2022-04-24-at-22.31.23.jpeg\"><img loading=\"lazy\" decoding=\"async\" class=\"aligncenter size-medium wp-image-101615\" src=\"https:\/\/www.sudoestehoje.com.br\/novoportal\/wp-content\/uploads\/2022\/04\/WhatsApp-Image-2022-04-24-at-22.31.23-497x700.jpeg\" alt=\"\" width=\"497\" height=\"700\" srcset=\"https:\/\/www.sudoestehoje.com.br\/novoportal\/wp-content\/uploads\/2022\/04\/WhatsApp-Image-2022-04-24-at-22.31.23-497x700.jpeg 497w, https:\/\/www.sudoestehoje.com.br\/novoportal\/wp-content\/uploads\/2022\/04\/WhatsApp-Image-2022-04-24-at-22.31.23-639x900.jpeg 639w, https:\/\/www.sudoestehoje.com.br\/novoportal\/wp-content\/uploads\/2022\/04\/WhatsApp-Image-2022-04-24-at-22.31.23.jpeg 720w\" sizes=\"auto, (max-width: 497px) 100vw, 497px\" \/><\/a><\/p>\n<p><strong><em>Por Davi Ferraz\u00a0<\/em><\/strong><\/p>\n","protected":false},"excerpt":{"rendered":"<p>Uma reivindica\u00e7\u00e3o do vereador Helder Ladeia foi atendida pela prefeitura de Itapetinga, atrav\u00e9s de uma parceria com o munic\u00edpio de Itoror\u00f3: a limpeza das margens do Rio Col\u00f4nia, que limita os dois munic\u00edpios. O pedido do vereador Helder, feito atrav\u00e9s de uma Indica\u00e7\u00e3o na C\u00e2mara Municipal de Itapetinga, foi protocolada na secretaria do legislativo em [&hellip;]<\/p>\n","protected":false},"author":2,"featured_media":101612,"comment_status":"open","ping_status":"open","sticky":false,"template":"","format":"standard","meta":{"footnotes":"","_links_to":"","_links_to_target":""},"categories":[1],"tags":[],"class_list":["post-101607","post","type-post","status-publish","format-standard","has-post-thumbnail","hentry","category-geral"],"views":1410,"_links":{"self":[{"href":"https:\/\/www.sudoestehoje.com.br\/novoportal\/wp-json\/wp\/v2\/posts\/101607","targetHints":{"allow":["GET"]}}],"collection":[{"href":"https:\/\/www.sudoestehoje.com.br\/novoportal\/wp-json\/wp\/v2\/posts"}],"about":[{"href":"https:\/\/www.sudoestehoje.com.br\/novoportal\/wp-json\/wp\/v2\/types\/post"}],"author":[{"embeddable":true,"href":"https:\/\/www.sudoestehoje.com.br\/novoportal\/wp-json\/wp\/v2\/users\/2"}],"replies":[{"embeddable":true,"href":"https:\/\/www.sudoestehoje.com.br\/novoportal\/wp-json\/wp\/v2\/comments?post=101607"}],"version-history":[{"count":3,"href":"https:\/\/www.sudoestehoje.com.br\/novoportal\/wp-json\/wp\/v2\/posts\/101607\/revisions"}],"predecessor-version":[{"id":101616,"href":"https:\/\/www.sudoestehoje.com.br\/novoportal\/wp-json\/wp\/v2\/posts\/101607\/revisions\/101616"}],"wp:featuredmedia":[{"embeddable":true,"href":"https:\/\/www.sudoestehoje.com.br\/novoportal\/wp-json\/wp\/v2\/media\/101612"}],"wp:attachment":[{"href":"https:\/\/www.sudoestehoje.com.br\/novoportal\/wp-json\/wp\/v2\/media?parent=101607"}],"wp:term":[{"taxonomy":"category","embeddable":true,"href":"https:\/\/www.sudoestehoje.com.br\/novoportal\/wp-json\/wp\/v2\/categories?post=101607"},{"taxonomy":"post_tag","embeddable":true,"href":"https:\/\/www.sudoestehoje.com.br\/novoportal\/wp-json\/wp\/v2\/tags?post=101607"}],"curies":[{"name":"wp","href":"https:\/\/api.w.org\/{rel}","templated":true}]}}