
{"id":101595,"date":"2022-04-22T22:16:03","date_gmt":"2022-04-23T01:16:03","guid":{"rendered":"https:\/\/www.sudoestehoje.com.br\/novoportal\/?p=101595"},"modified":"2022-04-22T22:16:03","modified_gmt":"2022-04-23T01:16:03","slug":"vereador-anderson-da-nova-rebate-fake-news-postada-em-blog-de-oposicao","status":"publish","type":"post","link":"https:\/\/www.sudoestehoje.com.br\/novoportal\/2022\/04\/22\/vereador-anderson-da-nova-rebate-fake-news-postada-em-blog-de-oposicao\/","title":{"rendered":"VEREADOR ANDERSON DA NOVA REBATE FAKE NEWS POSTADA EM BLOG DE OPOSI\u00c7\u00c3O"},"content":{"rendered":"<p><a href=\"https:\/\/www.sudoestehoje.com.br\/novoportal\/wp-content\/uploads\/2022\/04\/WhatsApp-Image-2022-04-22-at-22.13.30.jpeg\"><img loading=\"lazy\" decoding=\"async\" class=\"aligncenter size-medium wp-image-101596\" src=\"https:\/\/www.sudoestehoje.com.br\/novoportal\/wp-content\/uploads\/2022\/04\/WhatsApp-Image-2022-04-22-at-22.13.30-500x369.jpeg\" alt=\"\" width=\"500\" height=\"369\" srcset=\"https:\/\/www.sudoestehoje.com.br\/novoportal\/wp-content\/uploads\/2022\/04\/WhatsApp-Image-2022-04-22-at-22.13.30-500x369.jpeg 500w, https:\/\/www.sudoestehoje.com.br\/novoportal\/wp-content\/uploads\/2022\/04\/WhatsApp-Image-2022-04-22-at-22.13.30-700x517.jpeg 700w, https:\/\/www.sudoestehoje.com.br\/novoportal\/wp-content\/uploads\/2022\/04\/WhatsApp-Image-2022-04-22-at-22.13.30-768x567.jpeg 768w, https:\/\/www.sudoestehoje.com.br\/novoportal\/wp-content\/uploads\/2022\/04\/WhatsApp-Image-2022-04-22-at-22.13.30.jpeg 1021w\" sizes=\"auto, (max-width: 500px) 100vw, 500px\" \/><\/a><\/p>\n<p>O vereador Anderson da Nova, tendo em vista a publica\u00e7\u00e3o de um blog da cidade afirmando sobre uma suposta \u201ctrai\u00e7\u00e3o pol\u00edtica\u201d dele \u00e9 FAKE NEWS.<\/p>\n<p>O parlamentar vem a p\u00fablico esclarecer que as informa\u00e7\u00f5es da postagem n\u00e3o s\u00e3o verdadeiras. Lamentado, ainda que sejam difundidas \u201cFAKE NEWS\u201d, distorcendo o seu posicionamento pol\u00edtico, induzindo a popula\u00e7\u00e3o ao erro.<\/p>\n<p>Sem mais, o vereador reafirma o seu compromisso de seguir trabalhando em benef\u00edcio da popula\u00e7\u00e3o itapetinguense ao lado do prefeito Rodrigo Hagge, do vice-prefeito Renan Pereira e de ACM Neto, representando o povo com princ\u00edpios e valores. <em>\/\/Ascom<\/em><\/p>\n","protected":false},"excerpt":{"rendered":"<p>O vereador Anderson da Nova, tendo em vista a publica\u00e7\u00e3o de um blog da cidade afirmando sobre uma suposta \u201ctrai\u00e7\u00e3o pol\u00edtica\u201d dele \u00e9 FAKE NEWS. O parlamentar vem a p\u00fablico esclarecer que as informa\u00e7\u00f5es da postagem n\u00e3o s\u00e3o verdadeiras. Lamentado, ainda que sejam difundidas \u201cFAKE NEWS\u201d, distorcendo o seu posicionamento pol\u00edtico, induzindo a popula\u00e7\u00e3o ao [&hellip;]<\/p>\n","protected":false},"author":2,"featured_media":101596,"comment_status":"open","ping_status":"open","sticky":false,"template":"","format":"standard","meta":{"footnotes":"","_links_to":"","_links_to_target":""},"categories":[1],"tags":[],"class_list":["post-101595","post","type-post","status-publish","format-standard","has-post-thumbnail","hentry","category-geral"],"views":877,"_links":{"self":[{"href":"https:\/\/www.sudoestehoje.com.br\/novoportal\/wp-json\/wp\/v2\/posts\/101595","targetHints":{"allow":["GET"]}}],"collection":[{"href":"https:\/\/www.sudoestehoje.com.br\/novoportal\/wp-json\/wp\/v2\/posts"}],"about":[{"href":"https:\/\/www.sudoestehoje.com.br\/novoportal\/wp-json\/wp\/v2\/types\/post"}],"author":[{"embeddable":true,"href":"https:\/\/www.sudoestehoje.com.br\/novoportal\/wp-json\/wp\/v2\/users\/2"}],"replies":[{"embeddable":true,"href":"https:\/\/www.sudoestehoje.com.br\/novoportal\/wp-json\/wp\/v2\/comments?post=101595"}],"version-history":[{"count":2,"href":"https:\/\/www.sudoestehoje.com.br\/novoportal\/wp-json\/wp\/v2\/posts\/101595\/revisions"}],"predecessor-version":[{"id":101598,"href":"https:\/\/www.sudoestehoje.com.br\/novoportal\/wp-json\/wp\/v2\/posts\/101595\/revisions\/101598"}],"wp:featuredmedia":[{"embeddable":true,"href":"https:\/\/www.sudoestehoje.com.br\/novoportal\/wp-json\/wp\/v2\/media\/101596"}],"wp:attachment":[{"href":"https:\/\/www.sudoestehoje.com.br\/novoportal\/wp-json\/wp\/v2\/media?parent=101595"}],"wp:term":[{"taxonomy":"category","embeddable":true,"href":"https:\/\/www.sudoestehoje.com.br\/novoportal\/wp-json\/wp\/v2\/categories?post=101595"},{"taxonomy":"post_tag","embeddable":true,"href":"https:\/\/www.sudoestehoje.com.br\/novoportal\/wp-json\/wp\/v2\/tags?post=101595"}],"curies":[{"name":"wp","href":"https:\/\/api.w.org\/{rel}","templated":true}]}}