
{"id":101577,"date":"2022-04-22T11:27:49","date_gmt":"2022-04-22T14:27:49","guid":{"rendered":"https:\/\/www.sudoestehoje.com.br\/novoportal\/?p=101577"},"modified":"2022-04-22T11:33:24","modified_gmt":"2022-04-22T14:33:24","slug":"itapetinga-impasse-na-eleicao-da-mesa-da-camara-de-vereadores","status":"publish","type":"post","link":"https:\/\/www.sudoestehoje.com.br\/novoportal\/2022\/04\/22\/itapetinga-impasse-na-eleicao-da-mesa-da-camara-de-vereadores\/","title":{"rendered":"ITAPETINGA: IMPASSE NA ELEI\u00c7\u00c3O DA MESA DA C\u00c2MARA DE VEREADORES"},"content":{"rendered":"<p><a href=\"https:\/\/www.sudoestehoje.com.br\/novoportal\/wp-content\/uploads\/2022\/04\/WhatsApp-Image-2022-04-22-at-11.18.34.jpeg\"><img loading=\"lazy\" decoding=\"async\" class=\"aligncenter size-medium wp-image-101580\" src=\"https:\/\/www.sudoestehoje.com.br\/novoportal\/wp-content\/uploads\/2022\/04\/WhatsApp-Image-2022-04-22-at-11.18.34-500x225.jpeg\" alt=\"\" width=\"500\" height=\"225\" srcset=\"https:\/\/www.sudoestehoje.com.br\/novoportal\/wp-content\/uploads\/2022\/04\/WhatsApp-Image-2022-04-22-at-11.18.34-500x225.jpeg 500w, https:\/\/www.sudoestehoje.com.br\/novoportal\/wp-content\/uploads\/2022\/04\/WhatsApp-Image-2022-04-22-at-11.18.34-700x315.jpeg 700w, https:\/\/www.sudoestehoje.com.br\/novoportal\/wp-content\/uploads\/2022\/04\/WhatsApp-Image-2022-04-22-at-11.18.34-768x346.jpeg 768w, https:\/\/www.sudoestehoje.com.br\/novoportal\/wp-content\/uploads\/2022\/04\/WhatsApp-Image-2022-04-22-at-11.18.34-1536x692.jpeg 1536w, https:\/\/www.sudoestehoje.com.br\/novoportal\/wp-content\/uploads\/2022\/04\/WhatsApp-Image-2022-04-22-at-11.18.34.jpeg 1600w\" sizes=\"auto, (max-width: 500px) 100vw, 500px\" \/><\/a><\/p>\n<p>A sess\u00e3o legislativa para elei\u00e7\u00e3o da nova Mesa Diretora da C\u00e2mara de Vereadores de Itapetinga, continua suspensa desde as primeiras horas da manh\u00e3 desta sexta-feira (22), devido a um impasse criado pelo presidente da casa, Valqu\u00edrio Lima, e o vereador Tiquinho Nogueira, que n\u00e3o permitiram o in\u00edcio da sess\u00e3o.<\/p>\n<p>Na qualidade de vice-presidente, o vereador Anderson da Nova chegou a abrir a sess\u00e3o e iniciar os trabalhos, mas Valquir\u00e3o chamou a Pol\u00edcia Militar, que impediu o prosseguimento da elei\u00e7\u00e3o.<\/p>\n<p><a href=\"https:\/\/www.sudoestehoje.com.br\/novoportal\/wp-content\/uploads\/2022\/04\/WhatsApp-Image-2022-04-22-at-11.19.02.jpeg\"><img loading=\"lazy\" decoding=\"async\" class=\"aligncenter size-medium wp-image-101579\" src=\"https:\/\/www.sudoestehoje.com.br\/novoportal\/wp-content\/uploads\/2022\/04\/WhatsApp-Image-2022-04-22-at-11.19.02-500x225.jpeg\" alt=\"\" width=\"500\" height=\"225\" srcset=\"https:\/\/www.sudoestehoje.com.br\/novoportal\/wp-content\/uploads\/2022\/04\/WhatsApp-Image-2022-04-22-at-11.19.02-500x225.jpeg 500w, https:\/\/www.sudoestehoje.com.br\/novoportal\/wp-content\/uploads\/2022\/04\/WhatsApp-Image-2022-04-22-at-11.19.02-700x315.jpeg 700w, https:\/\/www.sudoestehoje.com.br\/novoportal\/wp-content\/uploads\/2022\/04\/WhatsApp-Image-2022-04-22-at-11.19.02-768x346.jpeg 768w, https:\/\/www.sudoestehoje.com.br\/novoportal\/wp-content\/uploads\/2022\/04\/WhatsApp-Image-2022-04-22-at-11.19.02-1536x692.jpeg 1536w, https:\/\/www.sudoestehoje.com.br\/novoportal\/wp-content\/uploads\/2022\/04\/WhatsApp-Image-2022-04-22-at-11.19.02.jpeg 1600w\" sizes=\"auto, (max-width: 500px) 100vw, 500px\" \/><\/a><\/p>\n<p>As luzes do plen\u00e1rio chegaram a ser apagadas \u00e0 mando do presidente e sua assessoria, gerando vaias e tumulto.<\/p>\n<p>Neste momento, o plen\u00e1rio da c\u00e2mara est\u00e1 lotado, e j\u00e1 conta com a presen\u00e7a do candidato \u00e0 presidente Jo\u00e3o de Deus, que veio acompanhado de mais 10 vereadores da base que garantem a sua elei\u00e7\u00e3o, com folga.<\/p>\n<p><a href=\"https:\/\/www.sudoestehoje.com.br\/novoportal\/wp-content\/uploads\/2022\/04\/WhatsApp-Image-2022-04-22-at-11.19.44.jpeg\"><img loading=\"lazy\" decoding=\"async\" class=\"aligncenter size-medium wp-image-101578\" src=\"https:\/\/www.sudoestehoje.com.br\/novoportal\/wp-content\/uploads\/2022\/04\/WhatsApp-Image-2022-04-22-at-11.19.44-500x225.jpeg\" alt=\"\" width=\"500\" height=\"225\" srcset=\"https:\/\/www.sudoestehoje.com.br\/novoportal\/wp-content\/uploads\/2022\/04\/WhatsApp-Image-2022-04-22-at-11.19.44-500x225.jpeg 500w, https:\/\/www.sudoestehoje.com.br\/novoportal\/wp-content\/uploads\/2022\/04\/WhatsApp-Image-2022-04-22-at-11.19.44-700x315.jpeg 700w, https:\/\/www.sudoestehoje.com.br\/novoportal\/wp-content\/uploads\/2022\/04\/WhatsApp-Image-2022-04-22-at-11.19.44-768x346.jpeg 768w, https:\/\/www.sudoestehoje.com.br\/novoportal\/wp-content\/uploads\/2022\/04\/WhatsApp-Image-2022-04-22-at-11.19.44-1536x692.jpeg 1536w, https:\/\/www.sudoestehoje.com.br\/novoportal\/wp-content\/uploads\/2022\/04\/WhatsApp-Image-2022-04-22-at-11.19.44.jpeg 1600w\" sizes=\"auto, (max-width: 500px) 100vw, 500px\" \/><\/a><\/p>\n<p>Do grupo de oposi\u00e7\u00e3o, comparecerem Valquir\u00e2o e Tiquinho, assessorados por Romildo Teixeira, que dias atr\u00e1s ainda jurava fidelidade ao prefeito Rodrigo Hagge, mas acabou traindo.<\/p>\n<p>Aguardem mais informa\u00e7\u00f5es.<\/p>\n<p><strong><em>Por Davi Ferraz<\/em><\/strong><\/p>\n","protected":false},"excerpt":{"rendered":"<p>A sess\u00e3o legislativa para elei\u00e7\u00e3o da nova Mesa Diretora da C\u00e2mara de Vereadores de Itapetinga, continua suspensa desde as primeiras horas da manh\u00e3 desta sexta-feira (22), devido a um impasse criado pelo presidente da casa, Valqu\u00edrio Lima, e o vereador Tiquinho Nogueira, que n\u00e3o permitiram o in\u00edcio da sess\u00e3o. Na qualidade de vice-presidente, o vereador [&hellip;]<\/p>\n","protected":false},"author":2,"featured_media":101580,"comment_status":"open","ping_status":"open","sticky":false,"template":"","format":"standard","meta":{"footnotes":"","_links_to":"","_links_to_target":""},"categories":[1],"tags":[],"class_list":["post-101577","post","type-post","status-publish","format-standard","has-post-thumbnail","hentry","category-geral"],"views":1676,"_links":{"self":[{"href":"https:\/\/www.sudoestehoje.com.br\/novoportal\/wp-json\/wp\/v2\/posts\/101577","targetHints":{"allow":["GET"]}}],"collection":[{"href":"https:\/\/www.sudoestehoje.com.br\/novoportal\/wp-json\/wp\/v2\/posts"}],"about":[{"href":"https:\/\/www.sudoestehoje.com.br\/novoportal\/wp-json\/wp\/v2\/types\/post"}],"author":[{"embeddable":true,"href":"https:\/\/www.sudoestehoje.com.br\/novoportal\/wp-json\/wp\/v2\/users\/2"}],"replies":[{"embeddable":true,"href":"https:\/\/www.sudoestehoje.com.br\/novoportal\/wp-json\/wp\/v2\/comments?post=101577"}],"version-history":[{"count":2,"href":"https:\/\/www.sudoestehoje.com.br\/novoportal\/wp-json\/wp\/v2\/posts\/101577\/revisions"}],"predecessor-version":[{"id":101582,"href":"https:\/\/www.sudoestehoje.com.br\/novoportal\/wp-json\/wp\/v2\/posts\/101577\/revisions\/101582"}],"wp:featuredmedia":[{"embeddable":true,"href":"https:\/\/www.sudoestehoje.com.br\/novoportal\/wp-json\/wp\/v2\/media\/101580"}],"wp:attachment":[{"href":"https:\/\/www.sudoestehoje.com.br\/novoportal\/wp-json\/wp\/v2\/media?parent=101577"}],"wp:term":[{"taxonomy":"category","embeddable":true,"href":"https:\/\/www.sudoestehoje.com.br\/novoportal\/wp-json\/wp\/v2\/categories?post=101577"},{"taxonomy":"post_tag","embeddable":true,"href":"https:\/\/www.sudoestehoje.com.br\/novoportal\/wp-json\/wp\/v2\/tags?post=101577"}],"curies":[{"name":"wp","href":"https:\/\/api.w.org\/{rel}","templated":true}]}}