
{"id":101546,"date":"2022-04-20T13:29:02","date_gmt":"2022-04-20T16:29:02","guid":{"rendered":"https:\/\/www.sudoestehoje.com.br\/novoportal\/?p=101546"},"modified":"2022-04-20T22:35:20","modified_gmt":"2022-04-21T01:35:20","slug":"eleicao-da-camara-pode-ter-chapa-unica-com-joao-de-deus-na-presidencia","status":"publish","type":"post","link":"https:\/\/www.sudoestehoje.com.br\/novoportal\/2022\/04\/20\/eleicao-da-camara-pode-ter-chapa-unica-com-joao-de-deus-na-presidencia\/","title":{"rendered":"ELEI\u00c7\u00c3O DA C\u00c2MARA PODE TER CHAPA \u00daNICA, COM JO\u00c3O DE DEUS NA PRESID\u00caNCIA"},"content":{"rendered":"<p><a href=\"https:\/\/www.sudoestehoje.com.br\/novoportal\/wp-content\/uploads\/2022\/04\/00000prefeito-vereador-itapetinga-brazil.jpg\"><img loading=\"lazy\" decoding=\"async\" class=\"aligncenter size-full wp-image-101548\" src=\"https:\/\/www.sudoestehoje.com.br\/novoportal\/wp-content\/uploads\/2022\/04\/00000prefeito-vereador-itapetinga-brazil.jpg\" alt=\"\" width=\"487\" height=\"354\" \/><\/a><\/p>\n<p>Com o iminente fracasso das articula\u00e7\u00f5es da oposi\u00e7\u00e3o, a elei\u00e7\u00e3o para a nova Mesa Diretora da C\u00e2mara Municipal de Itapetinga poder\u00e1 ter apenas uma chapa registrada para o pleito, encabe\u00e7ada pelo vereador <strong>Jo\u00e3o de Deus (MDB).<\/strong><\/p>\n<p>Pela \u00faltima checagem do grupo do prefeito Rodrigo Hagge, Jo\u00e3o de Deus j\u00e1 contaria com o apoio declarado de 10 vereadores, podendo ser ampliado para 12, at\u00e9 o momento da elei\u00e7\u00e3o, na pr\u00f3xima sexta-feira (22). A c\u00e2mara \u00e9 composta de 15 vereadores, todos com direito a voto para escolha da mesa.<\/p>\n<p>J\u00e1 confirmaram apoio \u00e0 chapa governista os vereadores <strong>Tarug\u00e3o, Manu Brand\u00e3o, Peto, Neto Ferraz, Luciano Almeida, Anderson da Nova, Helder de Bandeira, Geg\u00ea, Pastor Evandro, <\/strong>al\u00e9m do pr\u00f3prio<strong> Jo\u00e3o de Deus.<\/strong><\/p>\n<p>Ainda h\u00e1 a expectativa da ades\u00e3o do vereador <strong>Tuca<\/strong> e do pr\u00f3prio <strong>Valquir\u00e3o,<\/strong> atual presidente da c\u00e2mara.<\/p>\n<p>A oposi\u00e7\u00e3o conta apenas com 3 votos (<strong>Tiquinho, Valdeir e Sibele Nery<\/strong>), n\u00famero insuficiente para forma\u00e7\u00e3o de chapa, que \u00e9 composta de 4 membros.<\/p>\n<p><strong><em>Por Davi Ferraz<\/em><\/strong><\/p>\n","protected":false},"excerpt":{"rendered":"<p>Com o iminente fracasso das articula\u00e7\u00f5es da oposi\u00e7\u00e3o, a elei\u00e7\u00e3o para a nova Mesa Diretora da C\u00e2mara Municipal de Itapetinga poder\u00e1 ter apenas uma chapa registrada para o pleito, encabe\u00e7ada pelo vereador Jo\u00e3o de Deus (MDB). Pela \u00faltima checagem do grupo do prefeito Rodrigo Hagge, Jo\u00e3o de Deus j\u00e1 contaria com o apoio declarado de [&hellip;]<\/p>\n","protected":false},"author":2,"featured_media":101548,"comment_status":"open","ping_status":"open","sticky":false,"template":"","format":"standard","meta":{"footnotes":"","_links_to":"","_links_to_target":""},"categories":[1],"tags":[],"class_list":["post-101546","post","type-post","status-publish","format-standard","has-post-thumbnail","hentry","category-geral"],"views":1129,"_links":{"self":[{"href":"https:\/\/www.sudoestehoje.com.br\/novoportal\/wp-json\/wp\/v2\/posts\/101546","targetHints":{"allow":["GET"]}}],"collection":[{"href":"https:\/\/www.sudoestehoje.com.br\/novoportal\/wp-json\/wp\/v2\/posts"}],"about":[{"href":"https:\/\/www.sudoestehoje.com.br\/novoportal\/wp-json\/wp\/v2\/types\/post"}],"author":[{"embeddable":true,"href":"https:\/\/www.sudoestehoje.com.br\/novoportal\/wp-json\/wp\/v2\/users\/2"}],"replies":[{"embeddable":true,"href":"https:\/\/www.sudoestehoje.com.br\/novoportal\/wp-json\/wp\/v2\/comments?post=101546"}],"version-history":[{"count":4,"href":"https:\/\/www.sudoestehoje.com.br\/novoportal\/wp-json\/wp\/v2\/posts\/101546\/revisions"}],"predecessor-version":[{"id":101558,"href":"https:\/\/www.sudoestehoje.com.br\/novoportal\/wp-json\/wp\/v2\/posts\/101546\/revisions\/101558"}],"wp:featuredmedia":[{"embeddable":true,"href":"https:\/\/www.sudoestehoje.com.br\/novoportal\/wp-json\/wp\/v2\/media\/101548"}],"wp:attachment":[{"href":"https:\/\/www.sudoestehoje.com.br\/novoportal\/wp-json\/wp\/v2\/media?parent=101546"}],"wp:term":[{"taxonomy":"category","embeddable":true,"href":"https:\/\/www.sudoestehoje.com.br\/novoportal\/wp-json\/wp\/v2\/categories?post=101546"},{"taxonomy":"post_tag","embeddable":true,"href":"https:\/\/www.sudoestehoje.com.br\/novoportal\/wp-json\/wp\/v2\/tags?post=101546"}],"curies":[{"name":"wp","href":"https:\/\/api.w.org\/{rel}","templated":true}]}}