
{"id":101541,"date":"2022-04-20T07:43:31","date_gmt":"2022-04-20T10:43:31","guid":{"rendered":"https:\/\/www.sudoestehoje.com.br\/novoportal\/?p=101541"},"modified":"2022-04-20T07:43:52","modified_gmt":"2022-04-20T10:43:52","slug":"vereador-pastor-evandro-comemora-alargamento-da-pista-lateral-a-av-cinquentenario-a-seu-pedido","status":"publish","type":"post","link":"https:\/\/www.sudoestehoje.com.br\/novoportal\/2022\/04\/20\/vereador-pastor-evandro-comemora-alargamento-da-pista-lateral-a-av-cinquentenario-a-seu-pedido\/","title":{"rendered":"VEREADOR PASTOR EVANDRO COMEMORA ALARGAMENTO DA PISTA LATERAL \u00c0 AV. CINQUENTEN\u00c1RIO, A SEU PEDIDO"},"content":{"rendered":"<p><a href=\"https:\/\/www.sudoestehoje.com.br\/novoportal\/wp-content\/uploads\/2022\/04\/WhatsApp-Image-2022-04-20-at-07.40.55.jpeg\"><img loading=\"lazy\" decoding=\"async\" class=\"aligncenter size-medium wp-image-101543\" src=\"https:\/\/www.sudoestehoje.com.br\/novoportal\/wp-content\/uploads\/2022\/04\/WhatsApp-Image-2022-04-20-at-07.40.55-500x289.jpeg\" alt=\"\" width=\"500\" height=\"289\" srcset=\"https:\/\/www.sudoestehoje.com.br\/novoportal\/wp-content\/uploads\/2022\/04\/WhatsApp-Image-2022-04-20-at-07.40.55-500x289.jpeg 500w, https:\/\/www.sudoestehoje.com.br\/novoportal\/wp-content\/uploads\/2022\/04\/WhatsApp-Image-2022-04-20-at-07.40.55-700x404.jpeg 700w, https:\/\/www.sudoestehoje.com.br\/novoportal\/wp-content\/uploads\/2022\/04\/WhatsApp-Image-2022-04-20-at-07.40.55-768x444.jpeg 768w, https:\/\/www.sudoestehoje.com.br\/novoportal\/wp-content\/uploads\/2022\/04\/WhatsApp-Image-2022-04-20-at-07.40.55-1536x887.jpeg 1536w, https:\/\/www.sudoestehoje.com.br\/novoportal\/wp-content\/uploads\/2022\/04\/WhatsApp-Image-2022-04-20-at-07.40.55.jpeg 1558w\" sizes=\"auto, (max-width: 500px) 100vw, 500px\" \/><\/a><\/p>\n<p>Quem est\u00e1 em estado de gra\u00e7a com a gest\u00e3o do prefeito Rodrigo Hagge \u00e9 o vereador Pastor Evandro, representante do bairro Am\u00e9rico Nogueira e adjacentes, depois que um pedido seu para alargamento da pista lateral da Av. Cinquenten\u00e1rio foi atendido pela Secretaria Municipal de Infraestrutura.<\/p>\n<p>A pista, que fica entre o Restaurante Tina e o Posto de Gasolina da Cooleite, era estreita e dificultava o tr\u00e1fego e estacionamento de ve\u00edculo, numa zona de grande movimento.<\/p>\n<p>Com o alargamento de cerca de 3 metros, um velho problema foi resolvido, atendendo \u00e0s demandas de comerciantes e moradores pr\u00f3ximos que sempre reclamavam da pista estreita.<\/p>\n<p><em>&#8220;Fico feliz em atuar em parceria com uma gest\u00e3o eficiente como a do prefeito Rodrigo Hagge, que n\u00e3o mede esfor\u00e7os para atender aos reclames da comunidade que representamos. Fizemos o pedido e a obra foi realizada de forma r\u00e1pida, por ser de extrema necessidade. Agrade\u00e7o ao prefeito e ao secret\u00e1rio Gustavo David, que nos atenderam sem medir esfor\u00e7os&#8221;<\/em>, agradeceu o vereador.<\/p>\n<p><strong><em>Por Davi Ferraz<\/em><\/strong><\/p>\n","protected":false},"excerpt":{"rendered":"<p>Quem est\u00e1 em estado de gra\u00e7a com a gest\u00e3o do prefeito Rodrigo Hagge \u00e9 o vereador Pastor Evandro, representante do bairro Am\u00e9rico Nogueira e adjacentes, depois que um pedido seu para alargamento da pista lateral da Av. Cinquenten\u00e1rio foi atendido pela Secretaria Municipal de Infraestrutura. A pista, que fica entre o Restaurante Tina e o [&hellip;]<\/p>\n","protected":false},"author":2,"featured_media":101543,"comment_status":"open","ping_status":"open","sticky":false,"template":"","format":"standard","meta":{"footnotes":"","_links_to":"","_links_to_target":""},"categories":[1],"tags":[],"class_list":["post-101541","post","type-post","status-publish","format-standard","has-post-thumbnail","hentry","category-geral"],"views":1414,"_links":{"self":[{"href":"https:\/\/www.sudoestehoje.com.br\/novoportal\/wp-json\/wp\/v2\/posts\/101541","targetHints":{"allow":["GET"]}}],"collection":[{"href":"https:\/\/www.sudoestehoje.com.br\/novoportal\/wp-json\/wp\/v2\/posts"}],"about":[{"href":"https:\/\/www.sudoestehoje.com.br\/novoportal\/wp-json\/wp\/v2\/types\/post"}],"author":[{"embeddable":true,"href":"https:\/\/www.sudoestehoje.com.br\/novoportal\/wp-json\/wp\/v2\/users\/2"}],"replies":[{"embeddable":true,"href":"https:\/\/www.sudoestehoje.com.br\/novoportal\/wp-json\/wp\/v2\/comments?post=101541"}],"version-history":[{"count":3,"href":"https:\/\/www.sudoestehoje.com.br\/novoportal\/wp-json\/wp\/v2\/posts\/101541\/revisions"}],"predecessor-version":[{"id":101545,"href":"https:\/\/www.sudoestehoje.com.br\/novoportal\/wp-json\/wp\/v2\/posts\/101541\/revisions\/101545"}],"wp:featuredmedia":[{"embeddable":true,"href":"https:\/\/www.sudoestehoje.com.br\/novoportal\/wp-json\/wp\/v2\/media\/101543"}],"wp:attachment":[{"href":"https:\/\/www.sudoestehoje.com.br\/novoportal\/wp-json\/wp\/v2\/media?parent=101541"}],"wp:term":[{"taxonomy":"category","embeddable":true,"href":"https:\/\/www.sudoestehoje.com.br\/novoportal\/wp-json\/wp\/v2\/categories?post=101541"},{"taxonomy":"post_tag","embeddable":true,"href":"https:\/\/www.sudoestehoje.com.br\/novoportal\/wp-json\/wp\/v2\/tags?post=101541"}],"curies":[{"name":"wp","href":"https:\/\/api.w.org\/{rel}","templated":true}]}}