
{"id":101437,"date":"2022-04-15T20:16:09","date_gmt":"2022-04-15T23:16:09","guid":{"rendered":"https:\/\/www.sudoestehoje.com.br\/novoportal\/?p=101437"},"modified":"2022-04-15T20:16:09","modified_gmt":"2022-04-15T23:16:09","slug":"acidente-envolvendo-3-caminhoes-na-br-116-deixa-matorista-gravemente-ferido","status":"publish","type":"post","link":"https:\/\/www.sudoestehoje.com.br\/novoportal\/2022\/04\/15\/acidente-envolvendo-3-caminhoes-na-br-116-deixa-matorista-gravemente-ferido\/","title":{"rendered":"ACIDENTE ENVOLVENDO 3 CAMINH\u00d5ES NA BR-116 DEIXA MATORISTA GRAVEMENTE FERIDO"},"content":{"rendered":"<p><a href=\"https:\/\/www.sudoestehoje.com.br\/novoportal\/wp-content\/uploads\/2022\/04\/safe_image-6.jpg\"><img loading=\"lazy\" decoding=\"async\" class=\"aligncenter size-full wp-image-101438\" src=\"https:\/\/www.sudoestehoje.com.br\/novoportal\/wp-content\/uploads\/2022\/04\/safe_image-6.jpg\" alt=\"\" width=\"500\" height=\"261\" \/><\/a><\/p>\n<p>Um acidente, envolvendo tr\u00eas caminh\u00f5es, deixou ume pessoa feriada\u00a0 no final da manh\u00e3 desta quinta-feira, 14, na BR-116, em trecho do munic\u00edpio de Jaguaquara, no Centro-Sul da Bahia.<\/p>\n<p>De acordo com a Pol\u00edcia Rodovi\u00e1ria Federal (PRF), um ve\u00edculo bateu no fundo do outro, que atingiu um terceiro e provocou um engavetamento.<\/p>\n<p>Um motorista ficou ferido e foi socorrido por uma equipe da ViaBahia para o Hospital Geral Prado Valadares, em Jequi\u00e9. N\u00e3o h\u00e1 informa\u00e7\u00f5es sobre seu estado de sa\u00fade.<\/p>\n<p>Um dos caminh\u00f5es chegou a pegar fogo. O Corpo de Bombeiros (CBMBA) foi acionado e controlou as chamas. A pista ficou parcialmente interditada por cerca de tr\u00eas horas.<\/p>\n","protected":false},"excerpt":{"rendered":"<p>Um acidente, envolvendo tr\u00eas caminh\u00f5es, deixou ume pessoa feriada\u00a0 no final da manh\u00e3 desta quinta-feira, 14, na BR-116, em trecho do munic\u00edpio de Jaguaquara, no Centro-Sul da Bahia. De acordo com a Pol\u00edcia Rodovi\u00e1ria Federal (PRF), um ve\u00edculo bateu no fundo do outro, que atingiu um terceiro e provocou um engavetamento. Um motorista ficou ferido [&hellip;]<\/p>\n","protected":false},"author":2,"featured_media":101438,"comment_status":"open","ping_status":"open","sticky":false,"template":"","format":"standard","meta":{"footnotes":"","_links_to":"","_links_to_target":""},"categories":[1],"tags":[],"class_list":["post-101437","post","type-post","status-publish","format-standard","has-post-thumbnail","hentry","category-geral"],"views":884,"_links":{"self":[{"href":"https:\/\/www.sudoestehoje.com.br\/novoportal\/wp-json\/wp\/v2\/posts\/101437","targetHints":{"allow":["GET"]}}],"collection":[{"href":"https:\/\/www.sudoestehoje.com.br\/novoportal\/wp-json\/wp\/v2\/posts"}],"about":[{"href":"https:\/\/www.sudoestehoje.com.br\/novoportal\/wp-json\/wp\/v2\/types\/post"}],"author":[{"embeddable":true,"href":"https:\/\/www.sudoestehoje.com.br\/novoportal\/wp-json\/wp\/v2\/users\/2"}],"replies":[{"embeddable":true,"href":"https:\/\/www.sudoestehoje.com.br\/novoportal\/wp-json\/wp\/v2\/comments?post=101437"}],"version-history":[{"count":1,"href":"https:\/\/www.sudoestehoje.com.br\/novoportal\/wp-json\/wp\/v2\/posts\/101437\/revisions"}],"predecessor-version":[{"id":101439,"href":"https:\/\/www.sudoestehoje.com.br\/novoportal\/wp-json\/wp\/v2\/posts\/101437\/revisions\/101439"}],"wp:featuredmedia":[{"embeddable":true,"href":"https:\/\/www.sudoestehoje.com.br\/novoportal\/wp-json\/wp\/v2\/media\/101438"}],"wp:attachment":[{"href":"https:\/\/www.sudoestehoje.com.br\/novoportal\/wp-json\/wp\/v2\/media?parent=101437"}],"wp:term":[{"taxonomy":"category","embeddable":true,"href":"https:\/\/www.sudoestehoje.com.br\/novoportal\/wp-json\/wp\/v2\/categories?post=101437"},{"taxonomy":"post_tag","embeddable":true,"href":"https:\/\/www.sudoestehoje.com.br\/novoportal\/wp-json\/wp\/v2\/tags?post=101437"}],"curies":[{"name":"wp","href":"https:\/\/api.w.org\/{rel}","templated":true}]}}