
{"id":101340,"date":"2022-04-11T16:55:37","date_gmt":"2022-04-11T19:55:37","guid":{"rendered":"https:\/\/www.sudoestehoje.com.br\/novoportal\/?p=101340"},"modified":"2022-04-11T16:56:07","modified_gmt":"2022-04-11T19:56:07","slug":"festas-de-sao-joao-sao-liberadas-na-bahia","status":"publish","type":"post","link":"https:\/\/www.sudoestehoje.com.br\/novoportal\/2022\/04\/11\/festas-de-sao-joao-sao-liberadas-na-bahia\/","title":{"rendered":"FESTAS DE S\u00c3O JO\u00c3O S\u00c3O LIBERADAS NA BAHIA"},"content":{"rendered":"<div id=\"attachment_101341\" style=\"width: 502px\" class=\"wp-caption aligncenter\"><a href=\"https:\/\/www.sudoestehoje.com.br\/novoportal\/wp-content\/uploads\/2022\/04\/sao_joao_de_itapetinga-1446735197-674-e-500x400-crop-1.jpg\"><img loading=\"lazy\" decoding=\"async\" aria-describedby=\"caption-attachment-101341\" class=\"size-full wp-image-101341\" src=\"https:\/\/www.sudoestehoje.com.br\/novoportal\/wp-content\/uploads\/2022\/04\/sao_joao_de_itapetinga-1446735197-674-e-500x400-crop-1.jpg\" alt=\"\" width=\"492\" height=\"290\" \/><\/a><p id=\"caption-attachment-101341\" class=\"wp-caption-text\"><strong><em>IMAGEM ARQUIVO SUDOESTE HOJE<\/em><\/strong><\/p><\/div>\n<p>O governador da Bahia, Rui Costa, anunciou nesta segunda-feira (11), que o estado vai ter festas de S\u00e3o Jo\u00e3o em 2022. O an\u00fancio foi feito nas redes sociais do gestor.\u00a0Ainda na publica\u00e7\u00e3o, Rui Costa afirmou que o governo vai ajudar as prefeituras das cidades baianas para realizar as festas.<\/p>\n<div class=\"mc-column content-text active-extra-styles \" data-block-type=\"unstyled\" data-block-weight=\"40\" data-block-id=\"7\">\n<p class=\"content-text__container \" data-track-category=\"Link no Texto\" data-track-links=\"\">Antes do an\u00fancio oficial do governador do estado,\u00a0diversas cidades em todas as regi\u00f5es da Bahia j\u00e1 tinham confirmado\u00a0a realiza\u00e7\u00e3o das festas juninas neste ano, depois de dois anos sem as celebra\u00e7\u00f5es por causa da pandemia de Covid-19.<\/p>\n<\/div>\n<div class=\"mc-column content-text active-extra-styles \" data-block-type=\"unstyled\" data-block-weight=\"24\" data-block-id=\"8\">\n<p class=\"content-text__container \" data-track-category=\"Link no Texto\" data-track-links=\"\">Desde eventos anunciados pelas prefeituras at\u00e9 festas privadas, a temporada \u00e9 de grande expectativa para quem pretende curtir os festejos no interior do estado.<\/p>\n<\/div>\n","protected":false},"excerpt":{"rendered":"<p>O governador da Bahia, Rui Costa, anunciou nesta segunda-feira (11), que o estado vai ter festas de S\u00e3o Jo\u00e3o em 2022. O an\u00fancio foi feito nas redes sociais do gestor.\u00a0Ainda na publica\u00e7\u00e3o, Rui Costa afirmou que o governo vai ajudar as prefeituras das cidades baianas para realizar as festas. Antes do an\u00fancio oficial do governador [&hellip;]<\/p>\n","protected":false},"author":2,"featured_media":101341,"comment_status":"open","ping_status":"open","sticky":false,"template":"","format":"standard","meta":{"footnotes":"","_links_to":"","_links_to_target":""},"categories":[1],"tags":[],"class_list":["post-101340","post","type-post","status-publish","format-standard","has-post-thumbnail","hentry","category-geral"],"views":1087,"_links":{"self":[{"href":"https:\/\/www.sudoestehoje.com.br\/novoportal\/wp-json\/wp\/v2\/posts\/101340","targetHints":{"allow":["GET"]}}],"collection":[{"href":"https:\/\/www.sudoestehoje.com.br\/novoportal\/wp-json\/wp\/v2\/posts"}],"about":[{"href":"https:\/\/www.sudoestehoje.com.br\/novoportal\/wp-json\/wp\/v2\/types\/post"}],"author":[{"embeddable":true,"href":"https:\/\/www.sudoestehoje.com.br\/novoportal\/wp-json\/wp\/v2\/users\/2"}],"replies":[{"embeddable":true,"href":"https:\/\/www.sudoestehoje.com.br\/novoportal\/wp-json\/wp\/v2\/comments?post=101340"}],"version-history":[{"count":4,"href":"https:\/\/www.sudoestehoje.com.br\/novoportal\/wp-json\/wp\/v2\/posts\/101340\/revisions"}],"predecessor-version":[{"id":101345,"href":"https:\/\/www.sudoestehoje.com.br\/novoportal\/wp-json\/wp\/v2\/posts\/101340\/revisions\/101345"}],"wp:featuredmedia":[{"embeddable":true,"href":"https:\/\/www.sudoestehoje.com.br\/novoportal\/wp-json\/wp\/v2\/media\/101341"}],"wp:attachment":[{"href":"https:\/\/www.sudoestehoje.com.br\/novoportal\/wp-json\/wp\/v2\/media?parent=101340"}],"wp:term":[{"taxonomy":"category","embeddable":true,"href":"https:\/\/www.sudoestehoje.com.br\/novoportal\/wp-json\/wp\/v2\/categories?post=101340"},{"taxonomy":"post_tag","embeddable":true,"href":"https:\/\/www.sudoestehoje.com.br\/novoportal\/wp-json\/wp\/v2\/tags?post=101340"}],"curies":[{"name":"wp","href":"https:\/\/api.w.org\/{rel}","templated":true}]}}