
{"id":101302,"date":"2022-04-08T17:54:33","date_gmt":"2022-04-08T20:54:33","guid":{"rendered":"https:\/\/www.sudoestehoje.com.br\/novoportal\/?p=101302"},"modified":"2022-04-08T21:42:43","modified_gmt":"2022-04-09T00:42:43","slug":"petrobras-diz-que-vai-reduzir-preco-do-gas-de-cozinha-a-partir-deste-sabado","status":"publish","type":"post","link":"https:\/\/www.sudoestehoje.com.br\/novoportal\/2022\/04\/08\/petrobras-diz-que-vai-reduzir-preco-do-gas-de-cozinha-a-partir-deste-sabado\/","title":{"rendered":"PETROBRAS DIZ QUE VAI REDUZIR PRE\u00c7O DO G\u00c1S DE COZINHA A PARTIR DESTE S\u00c1BADO"},"content":{"rendered":"<p><a href=\"https:\/\/www.sudoestehoje.com.br\/novoportal\/wp-content\/uploads\/2022\/04\/b4002d53-gas-cozinha-capa.jpg\"><img loading=\"lazy\" decoding=\"async\" class=\"aligncenter size-medium wp-image-101303\" src=\"https:\/\/www.sudoestehoje.com.br\/novoportal\/wp-content\/uploads\/2022\/04\/b4002d53-gas-cozinha-capa-500x333.jpg\" alt=\"\" width=\"500\" height=\"333\" srcset=\"https:\/\/www.sudoestehoje.com.br\/novoportal\/wp-content\/uploads\/2022\/04\/b4002d53-gas-cozinha-capa-500x333.jpg 500w, https:\/\/www.sudoestehoje.com.br\/novoportal\/wp-content\/uploads\/2022\/04\/b4002d53-gas-cozinha-capa-700x466.jpg 700w, https:\/\/www.sudoestehoje.com.br\/novoportal\/wp-content\/uploads\/2022\/04\/b4002d53-gas-cozinha-capa-768x512.jpg 768w, https:\/\/www.sudoestehoje.com.br\/novoportal\/wp-content\/uploads\/2022\/04\/b4002d53-gas-cozinha-capa.jpg 800w\" sizes=\"auto, (max-width: 500px) 100vw, 500px\" \/><\/a><\/p>\n<p>A Petrobras vai reduzir os pre\u00e7os m\u00e9dios de venda para as distribuidoras do g\u00e1s liquefeito de petr\u00f3leo (GLP) nas refinarias de R$ 4,48 por quilo para R$ 4,23 por quilo a partir deste s\u00e1bado. O reajuste representa uma redu\u00e7\u00e3o m\u00e9dia de 5,5% nos pre\u00e7os.<\/p>\n<p>Com isso, o botij\u00e3o de 13 quilos, normalmente usado como g\u00e1s de cozinha, passar\u00e1 ao pre\u00e7o de R$ 54,94, redu\u00e7\u00e3o m\u00e9dia de R$ 3,27 em rela\u00e7\u00e3o ao pre\u00e7o anterior, de R$ 58,21.<\/p>\n<p>Em nota, a Petrobras afirmou que a redu\u00e7\u00e3o acompanha a evolu\u00e7\u00e3o dos pre\u00e7os internacionais e da taxa de c\u00e2mbio, que se estabilizaram em patamar inferior. O comunicado tamb\u00e9m informa que \u201ca Petrobras reitera seu compromisso com a pr\u00e1tica de pre\u00e7os competitivos e em equil\u00edbrio com o mercado, ao mesmo tempo em que evita o repasse imediato para os pre\u00e7os internos, das volatilidades externas e da taxa de c\u00e2mbio causadas por eventos conjunturais\u201d.<\/p>\n<div class=\"mc-column content-text active-extra-styles \" data-block-type=\"unstyled\" data-block-weight=\"60\" data-block-id=\"7\">\n<p class=\"content-text__container \" data-track-category=\"Link no Texto\" data-track-links=\"\">O \u00faltimo reajuste nos pre\u00e7os do GLP pela Petrobras ocorreu em 11 de mar\u00e7o, quando a estatal aplicou um aumento de 16% nos pre\u00e7os. Naquela ocasi\u00e3o, a companhia tamb\u00e9m anunciou uma eleva\u00e7\u00e3o de 18,7% no pre\u00e7o da gasolina e de 24,9% no pre\u00e7o do diesel nas refinarias, de modo a refletir o aumento dos pre\u00e7os no mercado internacional.<\/p>\n<\/div>\n","protected":false},"excerpt":{"rendered":"<p>A Petrobras vai reduzir os pre\u00e7os m\u00e9dios de venda para as distribuidoras do g\u00e1s liquefeito de petr\u00f3leo (GLP) nas refinarias de R$ 4,48 por quilo para R$ 4,23 por quilo a partir deste s\u00e1bado. O reajuste representa uma redu\u00e7\u00e3o m\u00e9dia de 5,5% nos pre\u00e7os. Com isso, o botij\u00e3o de 13 quilos, normalmente usado como g\u00e1s [&hellip;]<\/p>\n","protected":false},"author":2,"featured_media":101303,"comment_status":"open","ping_status":"open","sticky":false,"template":"","format":"standard","meta":{"footnotes":"","_links_to":"","_links_to_target":""},"categories":[1],"tags":[],"class_list":["post-101302","post","type-post","status-publish","format-standard","has-post-thumbnail","hentry","category-geral"],"views":774,"_links":{"self":[{"href":"https:\/\/www.sudoestehoje.com.br\/novoportal\/wp-json\/wp\/v2\/posts\/101302","targetHints":{"allow":["GET"]}}],"collection":[{"href":"https:\/\/www.sudoestehoje.com.br\/novoportal\/wp-json\/wp\/v2\/posts"}],"about":[{"href":"https:\/\/www.sudoestehoje.com.br\/novoportal\/wp-json\/wp\/v2\/types\/post"}],"author":[{"embeddable":true,"href":"https:\/\/www.sudoestehoje.com.br\/novoportal\/wp-json\/wp\/v2\/users\/2"}],"replies":[{"embeddable":true,"href":"https:\/\/www.sudoestehoje.com.br\/novoportal\/wp-json\/wp\/v2\/comments?post=101302"}],"version-history":[{"count":1,"href":"https:\/\/www.sudoestehoje.com.br\/novoportal\/wp-json\/wp\/v2\/posts\/101302\/revisions"}],"predecessor-version":[{"id":101304,"href":"https:\/\/www.sudoestehoje.com.br\/novoportal\/wp-json\/wp\/v2\/posts\/101302\/revisions\/101304"}],"wp:featuredmedia":[{"embeddable":true,"href":"https:\/\/www.sudoestehoje.com.br\/novoportal\/wp-json\/wp\/v2\/media\/101303"}],"wp:attachment":[{"href":"https:\/\/www.sudoestehoje.com.br\/novoportal\/wp-json\/wp\/v2\/media?parent=101302"}],"wp:term":[{"taxonomy":"category","embeddable":true,"href":"https:\/\/www.sudoestehoje.com.br\/novoportal\/wp-json\/wp\/v2\/categories?post=101302"},{"taxonomy":"post_tag","embeddable":true,"href":"https:\/\/www.sudoestehoje.com.br\/novoportal\/wp-json\/wp\/v2\/tags?post=101302"}],"curies":[{"name":"wp","href":"https:\/\/api.w.org\/{rel}","templated":true}]}}