
{"id":101297,"date":"2022-04-08T12:25:07","date_gmt":"2022-04-08T15:25:07","guid":{"rendered":"https:\/\/www.sudoestehoje.com.br\/novoportal\/?p=101297"},"modified":"2022-04-08T17:36:41","modified_gmt":"2022-04-08T20:36:41","slug":"regiao-incendio-destroi-supermercado-atacadao-em-vitoria-da-conquista","status":"publish","type":"post","link":"https:\/\/www.sudoestehoje.com.br\/novoportal\/2022\/04\/08\/regiao-incendio-destroi-supermercado-atacadao-em-vitoria-da-conquista\/","title":{"rendered":"REGI\u00c3O | INC\u00caNDIO DESTR\u00d3I SUPERMERCADO ATACAD\u00c3O EM VIT\u00d3RIA DA CONQUISTA"},"content":{"rendered":"<p><a href=\"https:\/\/www.sudoestehoje.com.br\/novoportal\/wp-content\/uploads\/2022\/04\/QFgrF-NjYf6eXKy5.jpg\"><img loading=\"lazy\" decoding=\"async\" class=\"aligncenter size-medium wp-image-101299\" src=\"https:\/\/www.sudoestehoje.com.br\/novoportal\/wp-content\/uploads\/2022\/04\/QFgrF-NjYf6eXKy5-500x275.jpg\" alt=\"\" width=\"500\" height=\"275\" srcset=\"https:\/\/www.sudoestehoje.com.br\/novoportal\/wp-content\/uploads\/2022\/04\/QFgrF-NjYf6eXKy5-500x275.jpg 500w, https:\/\/www.sudoestehoje.com.br\/novoportal\/wp-content\/uploads\/2022\/04\/QFgrF-NjYf6eXKy5.jpg 640w\" sizes=\"auto, (max-width: 500px) 100vw, 500px\" \/><\/a><\/p>\n<p>O supermercado Atacad\u00e3o na Avenida Presidente Dutra, em Vit\u00f3ria da Conquista foi atingido por um inc\u00eandio na manh\u00e3 desta sexta-feira (8). O fogo atingiu todo o estabelecimento e espalhou fuma\u00e7a pela cidade. Moradores relatam que a nuvem preta era vista \u00e0 dist\u00e2ncia de v\u00e1rios pontos da cidade.<\/p>\n<p>O supermercado \u00e9 o primeiro atacadista da cidade. Ainda n\u00e3o h\u00e1 informa\u00e7\u00f5es sobre a extens\u00e3o dos danos causados pelo inc\u00eandio.<a href=\"https:\/\/www.sudoestehoje.com.br\/novoportal\/wp-content\/uploads\/2022\/04\/images-2.jpg\"><img loading=\"lazy\" decoding=\"async\" class=\"aligncenter  wp-image-101300\" src=\"https:\/\/www.sudoestehoje.com.br\/novoportal\/wp-content\/uploads\/2022\/04\/images-2.jpg\" alt=\"\" width=\"500\" height=\"304\" \/><\/a><\/p>\n<p>Segundo informa\u00e7\u00f5es preliminares, n\u00e3o houve feridos e todos os funcion\u00e1rios conseguiram escapar do lugar antes do fogo se alastrar. Em v\u00eddeos que circulam nas redes sociais \u00e9 poss\u00edvel ver \u00a0funcion\u00e1rios correndo para fugir de uma \u00e1rea em chamas no supermercado. De acordo com moradores, o inc\u00eandio j\u00e1 dura mais de uma hora e o fogo ainda n\u00e3o foi controlado.<\/p>\n<p>O <strong><em>Sudoeste Hoje<\/em>\u00a0<\/strong>procurou o Corpo de Bombeiros para mais informa\u00e7\u00f5es sobre o caso e aguarda respostas.<\/p>\n","protected":false},"excerpt":{"rendered":"<p>O supermercado Atacad\u00e3o na Avenida Presidente Dutra, em Vit\u00f3ria da Conquista foi atingido por um inc\u00eandio na manh\u00e3 desta sexta-feira (8). O fogo atingiu todo o estabelecimento e espalhou fuma\u00e7a pela cidade. Moradores relatam que a nuvem preta era vista \u00e0 dist\u00e2ncia de v\u00e1rios pontos da cidade. O supermercado \u00e9 o primeiro atacadista da cidade. [&hellip;]<\/p>\n","protected":false},"author":2,"featured_media":101299,"comment_status":"open","ping_status":"open","sticky":false,"template":"","format":"standard","meta":{"footnotes":"","_links_to":"","_links_to_target":""},"categories":[1],"tags":[],"class_list":["post-101297","post","type-post","status-publish","format-standard","has-post-thumbnail","hentry","category-geral"],"views":1712,"_links":{"self":[{"href":"https:\/\/www.sudoestehoje.com.br\/novoportal\/wp-json\/wp\/v2\/posts\/101297","targetHints":{"allow":["GET"]}}],"collection":[{"href":"https:\/\/www.sudoestehoje.com.br\/novoportal\/wp-json\/wp\/v2\/posts"}],"about":[{"href":"https:\/\/www.sudoestehoje.com.br\/novoportal\/wp-json\/wp\/v2\/types\/post"}],"author":[{"embeddable":true,"href":"https:\/\/www.sudoestehoje.com.br\/novoportal\/wp-json\/wp\/v2\/users\/2"}],"replies":[{"embeddable":true,"href":"https:\/\/www.sudoestehoje.com.br\/novoportal\/wp-json\/wp\/v2\/comments?post=101297"}],"version-history":[{"count":2,"href":"https:\/\/www.sudoestehoje.com.br\/novoportal\/wp-json\/wp\/v2\/posts\/101297\/revisions"}],"predecessor-version":[{"id":101301,"href":"https:\/\/www.sudoestehoje.com.br\/novoportal\/wp-json\/wp\/v2\/posts\/101297\/revisions\/101301"}],"wp:featuredmedia":[{"embeddable":true,"href":"https:\/\/www.sudoestehoje.com.br\/novoportal\/wp-json\/wp\/v2\/media\/101299"}],"wp:attachment":[{"href":"https:\/\/www.sudoestehoje.com.br\/novoportal\/wp-json\/wp\/v2\/media?parent=101297"}],"wp:term":[{"taxonomy":"category","embeddable":true,"href":"https:\/\/www.sudoestehoje.com.br\/novoportal\/wp-json\/wp\/v2\/categories?post=101297"},{"taxonomy":"post_tag","embeddable":true,"href":"https:\/\/www.sudoestehoje.com.br\/novoportal\/wp-json\/wp\/v2\/tags?post=101297"}],"curies":[{"name":"wp","href":"https:\/\/api.w.org\/{rel}","templated":true}]}}