
{"id":101226,"date":"2022-04-05T17:25:03","date_gmt":"2022-04-05T20:25:03","guid":{"rendered":"https:\/\/www.sudoestehoje.com.br\/novoportal\/?p=101226"},"modified":"2022-04-05T17:25:03","modified_gmt":"2022-04-05T20:25:03","slug":"itapetinga-base-de-rodrigo-hagge-e-michel-quer-continuar-no-mdb-e-apoia-acm-neto","status":"publish","type":"post","link":"https:\/\/www.sudoestehoje.com.br\/novoportal\/2022\/04\/05\/itapetinga-base-de-rodrigo-hagge-e-michel-quer-continuar-no-mdb-e-apoia-acm-neto\/","title":{"rendered":"ITAPETINGA: BASE DE RODRIGO HAGGE E MICHEL QUER CONTINUAR NO MDB E APOIA ACM NETO"},"content":{"rendered":"<p><a href=\"https:\/\/www.sudoestehoje.com.br\/novoportal\/wp-content\/uploads\/2022\/04\/rodrigo-e-renan-vit\u00f3ria.jpg\"><img loading=\"lazy\" decoding=\"async\" class=\"aligncenter  wp-image-101227\" src=\"https:\/\/www.sudoestehoje.com.br\/novoportal\/wp-content\/uploads\/2022\/04\/rodrigo-e-renan-vit\u00f3ria.jpg\" alt=\"\" width=\"500\" height=\"308\" \/><\/a><\/p>\n<p>Uma &#8216;cortesia&#8217; do vice-prefeito Renan Pereira, durante uma entrevista de r\u00e1dio, nesta segunda-feira (4), deixou os velhos<em> &#8216;gabirabas&#8217;<\/em> e os jovens<em> &#8216;saru\u00eas&#8217;<\/em> de cabelos em p\u00e9, quando o eterno postulante ao cargo de prefeito convidou o prefeito Rodrigo Hagge para sair do MDB e se filiar no antigo DEM, agora Uni\u00e3o Brasil. A &#8216;gentileza&#8217; do vice tem endere\u00e7o certo e n\u00e3o agradou os emedebistas da Capital da Pecu\u00e1ria, que preferem continuar onde est\u00e3o, apesar dos acordos esdr\u00faxulos de Geddel e L\u00facio com o PT. A prefer\u00eancia por ACM Neto \u00e9 quase un\u00e2nime, mas fica por a\u00ed.<\/p>\n<p>Quem sabe de uma outra vez&#8230;<\/p>\n<p><strong><em>Por Davi Ferraz<\/em><\/strong><\/p>\n","protected":false},"excerpt":{"rendered":"<p>Uma &#8216;cortesia&#8217; do vice-prefeito Renan Pereira, durante uma entrevista de r\u00e1dio, nesta segunda-feira (4), deixou os velhos &#8216;gabirabas&#8217; e os jovens &#8216;saru\u00eas&#8217; de cabelos em p\u00e9, quando o eterno postulante ao cargo de prefeito convidou o prefeito Rodrigo Hagge para sair do MDB e se filiar no antigo DEM, agora Uni\u00e3o Brasil. A &#8216;gentileza&#8217; do [&hellip;]<\/p>\n","protected":false},"author":2,"featured_media":101227,"comment_status":"open","ping_status":"open","sticky":false,"template":"","format":"standard","meta":{"footnotes":"","_links_to":"","_links_to_target":""},"categories":[1],"tags":[],"class_list":["post-101226","post","type-post","status-publish","format-standard","has-post-thumbnail","hentry","category-geral"],"views":1113,"_links":{"self":[{"href":"https:\/\/www.sudoestehoje.com.br\/novoportal\/wp-json\/wp\/v2\/posts\/101226","targetHints":{"allow":["GET"]}}],"collection":[{"href":"https:\/\/www.sudoestehoje.com.br\/novoportal\/wp-json\/wp\/v2\/posts"}],"about":[{"href":"https:\/\/www.sudoestehoje.com.br\/novoportal\/wp-json\/wp\/v2\/types\/post"}],"author":[{"embeddable":true,"href":"https:\/\/www.sudoestehoje.com.br\/novoportal\/wp-json\/wp\/v2\/users\/2"}],"replies":[{"embeddable":true,"href":"https:\/\/www.sudoestehoje.com.br\/novoportal\/wp-json\/wp\/v2\/comments?post=101226"}],"version-history":[{"count":3,"href":"https:\/\/www.sudoestehoje.com.br\/novoportal\/wp-json\/wp\/v2\/posts\/101226\/revisions"}],"predecessor-version":[{"id":101230,"href":"https:\/\/www.sudoestehoje.com.br\/novoportal\/wp-json\/wp\/v2\/posts\/101226\/revisions\/101230"}],"wp:featuredmedia":[{"embeddable":true,"href":"https:\/\/www.sudoestehoje.com.br\/novoportal\/wp-json\/wp\/v2\/media\/101227"}],"wp:attachment":[{"href":"https:\/\/www.sudoestehoje.com.br\/novoportal\/wp-json\/wp\/v2\/media?parent=101226"}],"wp:term":[{"taxonomy":"category","embeddable":true,"href":"https:\/\/www.sudoestehoje.com.br\/novoportal\/wp-json\/wp\/v2\/categories?post=101226"},{"taxonomy":"post_tag","embeddable":true,"href":"https:\/\/www.sudoestehoje.com.br\/novoportal\/wp-json\/wp\/v2\/tags?post=101226"}],"curies":[{"name":"wp","href":"https:\/\/api.w.org\/{rel}","templated":true}]}}