
{"id":101218,"date":"2022-04-05T10:15:20","date_gmt":"2022-04-05T13:15:20","guid":{"rendered":"https:\/\/www.sudoestehoje.com.br\/novoportal\/?p=101218"},"modified":"2022-04-05T10:27:14","modified_gmt":"2022-04-05T13:27:14","slug":"bahia-nao-registra-novos-casos-de-covid-19-nas-ultimas-24-horas","status":"publish","type":"post","link":"https:\/\/www.sudoestehoje.com.br\/novoportal\/2022\/04\/05\/bahia-nao-registra-novos-casos-de-covid-19-nas-ultimas-24-horas\/","title":{"rendered":"BAHIA N\u00c3O REGISTRA NOVOS CASOS DE COVID-19 NAS \u00daLTIMAS 24 HORAS"},"content":{"rendered":"<p><a href=\"https:\/\/www.sudoestehoje.com.br\/novoportal\/wp-content\/uploads\/2022\/04\/marcelo-queiroga-testagem-covid_mcamgo_abr_140820211818-12-1000x530-1.jpg\"><img loading=\"lazy\" decoding=\"async\" class=\"size-medium wp-image-101219\" src=\"https:\/\/www.sudoestehoje.com.br\/novoportal\/wp-content\/uploads\/2022\/04\/marcelo-queiroga-testagem-covid_mcamgo_abr_140820211818-12-1000x530-1-500x265.jpg\" alt=\"\" width=\"500\" height=\"265\" srcset=\"https:\/\/www.sudoestehoje.com.br\/novoportal\/wp-content\/uploads\/2022\/04\/marcelo-queiroga-testagem-covid_mcamgo_abr_140820211818-12-1000x530-1-500x265.jpg 500w, https:\/\/www.sudoestehoje.com.br\/novoportal\/wp-content\/uploads\/2022\/04\/marcelo-queiroga-testagem-covid_mcamgo_abr_140820211818-12-1000x530-1-700x371.jpg 700w, https:\/\/www.sudoestehoje.com.br\/novoportal\/wp-content\/uploads\/2022\/04\/marcelo-queiroga-testagem-covid_mcamgo_abr_140820211818-12-1000x530-1-768x407.jpg 768w, https:\/\/www.sudoestehoje.com.br\/novoportal\/wp-content\/uploads\/2022\/04\/marcelo-queiroga-testagem-covid_mcamgo_abr_140820211818-12-1000x530-1.jpg 1000w\" sizes=\"auto, (max-width: 500px) 100vw, 500px\" \/><\/a><\/p>\n<p>Na Bahia, nas \u00faltimas 24 horas, n\u00e3o foram registrados novos casos confirmados de Covid-19. Essa \u00e9 a primeira vez que n\u00e3o h\u00e1 novos registros da doen\u00e7a em um dia, desde a confirma\u00e7\u00e3o do primeiro caso no Estado, em 6 de mar\u00e7o de 2020. Trinta e cinco casos s\u00e3o considerados recuperados (+0,002%) e mais 5 \u00f3bitos foram registrados.<\/p>\n<p>Desde o in\u00edcio da pandemia, dos 1.534.051 casos confirmados, 1.503.032 j\u00e1 s\u00e3o considerados recuperados, 1.288 encontram-se ativos e 29.731 tiveram \u00f3bito confirmado.<\/p>\n<p>Os dados ainda podem sofrer altera\u00e7\u00f5es devido \u00e0 instabilidade do sistema do Minist\u00e9rio da Sa\u00fade. A base ministerial tem, eventualmente, disponibilizado informa\u00e7\u00f5es inconsistentes ou incompletas.<\/p>\n<p>O boletim epidemiol\u00f3gico contabiliza ainda 1.817.063 casos descartados e 327.880 em investiga\u00e7\u00e3o. Estes dados representam notifica\u00e7\u00f5es oficiais compiladas pela Diretoria de Vigil\u00e2ncia Epidemiol\u00f3gica em Sa\u00fade da Bahia (Divep-BA), em conjunto com as vigil\u00e2ncias municipais e as bases de dados do Minist\u00e9rio da Sa\u00fade at\u00e9 as 17 horas desta segunda-feira. Na Bahia, 62.999 profissionais da sa\u00fade foram confirmados para Covid-19.<\/p>\n","protected":false},"excerpt":{"rendered":"<p>Na Bahia, nas \u00faltimas 24 horas, n\u00e3o foram registrados novos casos confirmados de Covid-19. Essa \u00e9 a primeira vez que n\u00e3o h\u00e1 novos registros da doen\u00e7a em um dia, desde a confirma\u00e7\u00e3o do primeiro caso no Estado, em 6 de mar\u00e7o de 2020. Trinta e cinco casos s\u00e3o considerados recuperados (+0,002%) e mais 5 \u00f3bitos [&hellip;]<\/p>\n","protected":false},"author":2,"featured_media":101219,"comment_status":"open","ping_status":"open","sticky":false,"template":"","format":"standard","meta":{"footnotes":"","_links_to":"","_links_to_target":""},"categories":[1],"tags":[],"class_list":["post-101218","post","type-post","status-publish","format-standard","has-post-thumbnail","hentry","category-geral"],"views":813,"_links":{"self":[{"href":"https:\/\/www.sudoestehoje.com.br\/novoportal\/wp-json\/wp\/v2\/posts\/101218","targetHints":{"allow":["GET"]}}],"collection":[{"href":"https:\/\/www.sudoestehoje.com.br\/novoportal\/wp-json\/wp\/v2\/posts"}],"about":[{"href":"https:\/\/www.sudoestehoje.com.br\/novoportal\/wp-json\/wp\/v2\/types\/post"}],"author":[{"embeddable":true,"href":"https:\/\/www.sudoestehoje.com.br\/novoportal\/wp-json\/wp\/v2\/users\/2"}],"replies":[{"embeddable":true,"href":"https:\/\/www.sudoestehoje.com.br\/novoportal\/wp-json\/wp\/v2\/comments?post=101218"}],"version-history":[{"count":3,"href":"https:\/\/www.sudoestehoje.com.br\/novoportal\/wp-json\/wp\/v2\/posts\/101218\/revisions"}],"predecessor-version":[{"id":101222,"href":"https:\/\/www.sudoestehoje.com.br\/novoportal\/wp-json\/wp\/v2\/posts\/101218\/revisions\/101222"}],"wp:featuredmedia":[{"embeddable":true,"href":"https:\/\/www.sudoestehoje.com.br\/novoportal\/wp-json\/wp\/v2\/media\/101219"}],"wp:attachment":[{"href":"https:\/\/www.sudoestehoje.com.br\/novoportal\/wp-json\/wp\/v2\/media?parent=101218"}],"wp:term":[{"taxonomy":"category","embeddable":true,"href":"https:\/\/www.sudoestehoje.com.br\/novoportal\/wp-json\/wp\/v2\/categories?post=101218"},{"taxonomy":"post_tag","embeddable":true,"href":"https:\/\/www.sudoestehoje.com.br\/novoportal\/wp-json\/wp\/v2\/tags?post=101218"}],"curies":[{"name":"wp","href":"https:\/\/api.w.org\/{rel}","templated":true}]}}