
{"id":101191,"date":"2022-04-02T23:07:23","date_gmt":"2022-04-03T02:07:23","guid":{"rendered":"https:\/\/www.sudoestehoje.com.br\/novoportal\/?p=101191"},"modified":"2022-04-02T23:07:23","modified_gmt":"2022-04-03T02:07:23","slug":"itapetinga-segunda-cobertura-comeca-a-ser-instalada-na-feira-livre-da-central-de-abastecimento","status":"publish","type":"post","link":"https:\/\/www.sudoestehoje.com.br\/novoportal\/2022\/04\/02\/itapetinga-segunda-cobertura-comeca-a-ser-instalada-na-feira-livre-da-central-de-abastecimento\/","title":{"rendered":"ITAPETINGA: SEGUNDA COBERTURA COME\u00c7A A SER INSTALADA NA FEIRA LIVRE DA CENTRAL DE ABASTECIMENTO"},"content":{"rendered":"<p><a href=\"https:\/\/www.sudoestehoje.com.br\/novoportal\/wp-content\/uploads\/2022\/04\/WhatsApp-Image-2022-04-02-at-23.04.57.jpeg\"><img loading=\"lazy\" decoding=\"async\" class=\"aligncenter size-medium wp-image-101193\" src=\"https:\/\/www.sudoestehoje.com.br\/novoportal\/wp-content\/uploads\/2022\/04\/WhatsApp-Image-2022-04-02-at-23.04.57-500x225.jpeg\" alt=\"\" width=\"500\" height=\"225\" srcset=\"https:\/\/www.sudoestehoje.com.br\/novoportal\/wp-content\/uploads\/2022\/04\/WhatsApp-Image-2022-04-02-at-23.04.57-500x225.jpeg 500w, https:\/\/www.sudoestehoje.com.br\/novoportal\/wp-content\/uploads\/2022\/04\/WhatsApp-Image-2022-04-02-at-23.04.57-700x315.jpeg 700w, https:\/\/www.sudoestehoje.com.br\/novoportal\/wp-content\/uploads\/2022\/04\/WhatsApp-Image-2022-04-02-at-23.04.57-768x346.jpeg 768w, https:\/\/www.sudoestehoje.com.br\/novoportal\/wp-content\/uploads\/2022\/04\/WhatsApp-Image-2022-04-02-at-23.04.57-1536x691.jpeg 1536w, https:\/\/www.sudoestehoje.com.br\/novoportal\/wp-content\/uploads\/2022\/04\/WhatsApp-Image-2022-04-02-at-23.04.57.jpeg 1600w\" sizes=\"auto, (max-width: 500px) 100vw, 500px\" \/><\/a><\/p>\n<p>As obras de instala\u00e7\u00e3o de uma segunda cobertura foram iniciadas nesta semana, na feira-livre da Central de Abastecimento de Itapetinga, pela prefeitura.<\/p>\n<p>Segundo o administrador da Central, o popular &#8216;Carl\u00e3o&#8217;, a cobertura \u00e9 uma antiga reivindica\u00e7\u00e3o dos feirantes e deve melhorar a organiza\u00e7\u00e3o ao espa\u00e7o, al\u00e9m de dar maior prote\u00e7\u00e3o aos comerciantes da feira.<\/p>\n<p>Os espa\u00e7o onde ser\u00e1 constru\u00edda a nova cobertura j\u00e1 foi totalmente isolado com tapumes e o material j\u00e1 come\u00e7ou a ser entregue pelos fornecedores.<\/p>\n<p><strong><em>Por Davi Ferraz<\/em><\/strong><\/p>\n","protected":false},"excerpt":{"rendered":"<p>As obras de instala\u00e7\u00e3o de uma segunda cobertura foram iniciadas nesta semana, na feira-livre da Central de Abastecimento de Itapetinga, pela prefeitura. Segundo o administrador da Central, o popular &#8216;Carl\u00e3o&#8217;, a cobertura \u00e9 uma antiga reivindica\u00e7\u00e3o dos feirantes e deve melhorar a organiza\u00e7\u00e3o ao espa\u00e7o, al\u00e9m de dar maior prote\u00e7\u00e3o aos comerciantes da feira. Os [&hellip;]<\/p>\n","protected":false},"author":2,"featured_media":101193,"comment_status":"open","ping_status":"open","sticky":false,"template":"","format":"standard","meta":{"footnotes":"","_links_to":"","_links_to_target":""},"categories":[1],"tags":[],"class_list":["post-101191","post","type-post","status-publish","format-standard","has-post-thumbnail","hentry","category-geral"],"views":1076,"_links":{"self":[{"href":"https:\/\/www.sudoestehoje.com.br\/novoportal\/wp-json\/wp\/v2\/posts\/101191","targetHints":{"allow":["GET"]}}],"collection":[{"href":"https:\/\/www.sudoestehoje.com.br\/novoportal\/wp-json\/wp\/v2\/posts"}],"about":[{"href":"https:\/\/www.sudoestehoje.com.br\/novoportal\/wp-json\/wp\/v2\/types\/post"}],"author":[{"embeddable":true,"href":"https:\/\/www.sudoestehoje.com.br\/novoportal\/wp-json\/wp\/v2\/users\/2"}],"replies":[{"embeddable":true,"href":"https:\/\/www.sudoestehoje.com.br\/novoportal\/wp-json\/wp\/v2\/comments?post=101191"}],"version-history":[{"count":2,"href":"https:\/\/www.sudoestehoje.com.br\/novoportal\/wp-json\/wp\/v2\/posts\/101191\/revisions"}],"predecessor-version":[{"id":101194,"href":"https:\/\/www.sudoestehoje.com.br\/novoportal\/wp-json\/wp\/v2\/posts\/101191\/revisions\/101194"}],"wp:featuredmedia":[{"embeddable":true,"href":"https:\/\/www.sudoestehoje.com.br\/novoportal\/wp-json\/wp\/v2\/media\/101193"}],"wp:attachment":[{"href":"https:\/\/www.sudoestehoje.com.br\/novoportal\/wp-json\/wp\/v2\/media?parent=101191"}],"wp:term":[{"taxonomy":"category","embeddable":true,"href":"https:\/\/www.sudoestehoje.com.br\/novoportal\/wp-json\/wp\/v2\/categories?post=101191"},{"taxonomy":"post_tag","embeddable":true,"href":"https:\/\/www.sudoestehoje.com.br\/novoportal\/wp-json\/wp\/v2\/tags?post=101191"}],"curies":[{"name":"wp","href":"https:\/\/api.w.org\/{rel}","templated":true}]}}