
{"id":10116,"date":"2011-10-29T23:10:56","date_gmt":"2011-10-30T02:10:56","guid":{"rendered":"http:\/\/www.sudoestehoje.com.br\/novoportal\/?p=10116"},"modified":"2011-10-29T23:19:34","modified_gmt":"2011-10-30T02:19:34","slug":"procurando-a-familia","status":"publish","type":"post","link":"https:\/\/www.sudoestehoje.com.br\/novoportal\/2011\/10\/29\/procurando-a-familia\/","title":{"rendered":"PROCURANDO A FAM\u00cdLIA"},"content":{"rendered":"<p><img decoding=\"async\" src=\"http:\/\/t2.gstatic.com\/images?q=tbn:ANd9GcQG2MsUASnXM12QAh6YVfYvrpm6ccnNjNqiflBvL19ZnPd7f6DHDw\" alt=\"\" width=\"160\" \/><\/p>\n<p>Recebemos este apelo de um internauta, que est\u00e1 \u00e0 procura de seus familiares. Quem tiver alguma informa\u00e7\u00e3o, favor entrar em contato conosco. Veja o apelo: <em>&#8220;Ol\u00e1 meu nome \u00e9 Felipe Rodrigues tenho 25 anos e gostaria de encontrar meus av\u00f3s paternos que se chamam Francisco Rodrigues Vieira e Laurisa Maria Vieira, pais de Francirley Rodrigues Vieira, que \u00e9 meu pai e tamb\u00e9m nunca vi e tios que moram a\u00ed em Itapetinga.\u00a0Ele abandonou eu e meus dois irm\u00e3os. Por favor, me ajudem. Quem tiver alguma informa\u00e7\u00e3o, favor ligar para o Tel. (79)9829-0396<\/em><em>&#8220;.<\/em><\/p>\n","protected":false},"excerpt":{"rendered":"<p>Recebemos este apelo de um internauta, que est\u00e1 \u00e0 procura de seus familiares. Quem tiver alguma informa\u00e7\u00e3o, favor entrar em contato conosco. Veja o apelo: &#8220;Ol\u00e1 meu nome \u00e9 Felipe Rodrigues tenho 25 anos e gostaria de encontrar meus av\u00f3s paternos que se chamam Francisco Rodrigues Vieira e Laurisa Maria Vieira, pais de Francirley Rodrigues [&hellip;]<\/p>\n","protected":false},"author":2,"featured_media":0,"comment_status":"open","ping_status":"open","sticky":false,"template":"","format":"standard","meta":{"footnotes":"","_links_to":"","_links_to_target":""},"categories":[11],"tags":[],"class_list":["post-10116","post","type-post","status-publish","format-standard","hentry","category-quentinhas"],"views":1088,"_links":{"self":[{"href":"https:\/\/www.sudoestehoje.com.br\/novoportal\/wp-json\/wp\/v2\/posts\/10116","targetHints":{"allow":["GET"]}}],"collection":[{"href":"https:\/\/www.sudoestehoje.com.br\/novoportal\/wp-json\/wp\/v2\/posts"}],"about":[{"href":"https:\/\/www.sudoestehoje.com.br\/novoportal\/wp-json\/wp\/v2\/types\/post"}],"author":[{"embeddable":true,"href":"https:\/\/www.sudoestehoje.com.br\/novoportal\/wp-json\/wp\/v2\/users\/2"}],"replies":[{"embeddable":true,"href":"https:\/\/www.sudoestehoje.com.br\/novoportal\/wp-json\/wp\/v2\/comments?post=10116"}],"version-history":[{"count":7,"href":"https:\/\/www.sudoestehoje.com.br\/novoportal\/wp-json\/wp\/v2\/posts\/10116\/revisions"}],"predecessor-version":[{"id":10123,"href":"https:\/\/www.sudoestehoje.com.br\/novoportal\/wp-json\/wp\/v2\/posts\/10116\/revisions\/10123"}],"wp:attachment":[{"href":"https:\/\/www.sudoestehoje.com.br\/novoportal\/wp-json\/wp\/v2\/media?parent=10116"}],"wp:term":[{"taxonomy":"category","embeddable":true,"href":"https:\/\/www.sudoestehoje.com.br\/novoportal\/wp-json\/wp\/v2\/categories?post=10116"},{"taxonomy":"post_tag","embeddable":true,"href":"https:\/\/www.sudoestehoje.com.br\/novoportal\/wp-json\/wp\/v2\/tags?post=10116"}],"curies":[{"name":"wp","href":"https:\/\/api.w.org\/{rel}","templated":true}]}}