
{"id":101149,"date":"2022-03-31T11:21:25","date_gmt":"2022-03-31T14:21:25","guid":{"rendered":"https:\/\/www.sudoestehoje.com.br\/novoportal\/?p=101149"},"modified":"2022-03-31T11:21:25","modified_gmt":"2022-03-31T14:21:25","slug":"politica-tucano-joao-doria-desistiu-de-disputar-presidencia-dizem-aliados","status":"publish","type":"post","link":"https:\/\/www.sudoestehoje.com.br\/novoportal\/2022\/03\/31\/politica-tucano-joao-doria-desistiu-de-disputar-presidencia-dizem-aliados\/","title":{"rendered":"POL\u00cdTICA | TUCANO JO\u00c3O DORIA DESISTIU DE DISPUTAR PRESID\u00caNCIA, DIZEM ALIADOS"},"content":{"rendered":"<p><a href=\"https:\/\/www.sudoestehoje.com.br\/novoportal\/wp-content\/uploads\/2022\/03\/Eduardo-Leite-e-Doria_O.jpg\"><img loading=\"lazy\" decoding=\"async\" class=\"aligncenter size-medium wp-image-101150\" src=\"https:\/\/www.sudoestehoje.com.br\/novoportal\/wp-content\/uploads\/2022\/03\/Eduardo-Leite-e-Doria_O-500x350.jpg\" alt=\"\" width=\"500\" height=\"350\" srcset=\"https:\/\/www.sudoestehoje.com.br\/novoportal\/wp-content\/uploads\/2022\/03\/Eduardo-Leite-e-Doria_O-500x350.jpg 500w, https:\/\/www.sudoestehoje.com.br\/novoportal\/wp-content\/uploads\/2022\/03\/Eduardo-Leite-e-Doria_O.jpg 600w\" sizes=\"auto, (max-width: 500px) 100vw, 500px\" \/><\/a><\/p>\n<p>Aliados do governador de S\u00e3o Paulo, Jo\u00e3o Doria (PSDB), afirmam que o gestor paulista desistiu da candidatura a presid\u00eancia da Rep\u00fablica e vai tentar a reelei\u00e7\u00e3o. O an\u00fancio da mudan\u00e7a de rumo, segundo o G1, deve ser feito nesta quinta-feira (31).<\/p>\n<p>Caso oficializada, a mudan\u00e7a de rumo beneficia o ex-governador do Rio Grande do Sul, Eduardo Leite, que renunciou ao governo ga\u00facho mesmo tendo perdido as pr\u00e9vias no PSDB para a corrida presidencial. Aliado do grupo do ex-senador e atual deputado federal A\u00e9cio Neves (MG), Leite vinha trabalhando nos bastidores para convencer o colega paulista a desistir. Eduardo Leite tamb\u00e9m recusou um convite do PSD para concorrer ao Pal\u00e1cio do Planalto pelo partido presidido por Gilberto kassab.<\/p>\n<p>Jo\u00e3o Doria, por seu lado, vinha afirmando que n\u00e3o sairia da disputa, lembrando que venceu as pr\u00e9vias partid\u00e1rias. A guinada decidida nos \u00faltimos dias\u00a0\u00a0 desagradou o vice-governador, Rodrigo Garcia (PSDB), apontado pelo pr\u00f3prio Doria como candidato a suced\u00ea-lo.<\/p>\n","protected":false},"excerpt":{"rendered":"<p>Aliados do governador de S\u00e3o Paulo, Jo\u00e3o Doria (PSDB), afirmam que o gestor paulista desistiu da candidatura a presid\u00eancia da Rep\u00fablica e vai tentar a reelei\u00e7\u00e3o. O an\u00fancio da mudan\u00e7a de rumo, segundo o G1, deve ser feito nesta quinta-feira (31). Caso oficializada, a mudan\u00e7a de rumo beneficia o ex-governador do Rio Grande do Sul, [&hellip;]<\/p>\n","protected":false},"author":2,"featured_media":101150,"comment_status":"open","ping_status":"open","sticky":false,"template":"","format":"standard","meta":{"footnotes":"","_links_to":"","_links_to_target":""},"categories":[1],"tags":[],"class_list":["post-101149","post","type-post","status-publish","format-standard","has-post-thumbnail","hentry","category-geral"],"views":844,"_links":{"self":[{"href":"https:\/\/www.sudoestehoje.com.br\/novoportal\/wp-json\/wp\/v2\/posts\/101149","targetHints":{"allow":["GET"]}}],"collection":[{"href":"https:\/\/www.sudoestehoje.com.br\/novoportal\/wp-json\/wp\/v2\/posts"}],"about":[{"href":"https:\/\/www.sudoestehoje.com.br\/novoportal\/wp-json\/wp\/v2\/types\/post"}],"author":[{"embeddable":true,"href":"https:\/\/www.sudoestehoje.com.br\/novoportal\/wp-json\/wp\/v2\/users\/2"}],"replies":[{"embeddable":true,"href":"https:\/\/www.sudoestehoje.com.br\/novoportal\/wp-json\/wp\/v2\/comments?post=101149"}],"version-history":[{"count":1,"href":"https:\/\/www.sudoestehoje.com.br\/novoportal\/wp-json\/wp\/v2\/posts\/101149\/revisions"}],"predecessor-version":[{"id":101151,"href":"https:\/\/www.sudoestehoje.com.br\/novoportal\/wp-json\/wp\/v2\/posts\/101149\/revisions\/101151"}],"wp:featuredmedia":[{"embeddable":true,"href":"https:\/\/www.sudoestehoje.com.br\/novoportal\/wp-json\/wp\/v2\/media\/101150"}],"wp:attachment":[{"href":"https:\/\/www.sudoestehoje.com.br\/novoportal\/wp-json\/wp\/v2\/media?parent=101149"}],"wp:term":[{"taxonomy":"category","embeddable":true,"href":"https:\/\/www.sudoestehoje.com.br\/novoportal\/wp-json\/wp\/v2\/categories?post=101149"},{"taxonomy":"post_tag","embeddable":true,"href":"https:\/\/www.sudoestehoje.com.br\/novoportal\/wp-json\/wp\/v2\/tags?post=101149"}],"curies":[{"name":"wp","href":"https:\/\/api.w.org\/{rel}","templated":true}]}}