
{"id":101144,"date":"2022-03-30T23:14:17","date_gmt":"2022-03-31T02:14:17","guid":{"rendered":"https:\/\/www.sudoestehoje.com.br\/novoportal\/?p=101144"},"modified":"2022-03-30T23:14:17","modified_gmt":"2022-03-31T02:14:17","slug":"vitoria-da-conquista-apos-cupula-do-mdb-apoiar-pt-partido-sofre-debandada-geral","status":"publish","type":"post","link":"https:\/\/www.sudoestehoje.com.br\/novoportal\/2022\/03\/30\/vitoria-da-conquista-apos-cupula-do-mdb-apoiar-pt-partido-sofre-debandada-geral\/","title":{"rendered":"VIT\u00d3RIA DA CONQUISTA | AP\u00d3S C\u00daPULA DO MDB APOIAR PT, PARTIDO SOFRE DEBANDADA GERAL"},"content":{"rendered":"<p><a href=\"https:\/\/www.sudoestehoje.com.br\/novoportal\/wp-content\/uploads\/2022\/03\/Reuni\u00e3o-BB-768x512-1.jpg\"><img loading=\"lazy\" decoding=\"async\" class=\"aligncenter size-full wp-image-101145\" src=\"https:\/\/www.sudoestehoje.com.br\/novoportal\/wp-content\/uploads\/2022\/03\/Reuni\u00e3o-BB-768x512-1.jpg\" alt=\"\" width=\"500\" height=\"310\" \/><\/a><\/p>\n<p>Caiu como uma \u2018bomba\u2019 em Vit\u00f3ria da Conquista a confirma\u00e7\u00e3o do apoio do MDB ao pr\u00e9-candidato Jer\u00f4nimo Rodrigues, do PT, a sucess\u00e3o estadual na Bahia.<\/p>\n<p>O an\u00fancio foi feito pelo presidente de honra da sigla no Estado, o ex-deputado federal L\u00facio Vieira Lima, ao lado de v\u00e1rias lideran\u00e7as do PT, a exemplo do senador Jaques Wagner. A sigla emplacou o presidente da C\u00e2mara de Vereadores de Salvador, Geraldo J\u00fanior, na vice.<\/p>\n<p>Em Conquista o partido \u00e9 considerado forte, com 4 vereadores e tinha como principal lideran\u00e7a o saudoso ex-prefeito Herzem Gusm\u00e3o.<\/p>\n<p>Sempre em oposi\u00e7\u00e3o ao PT, tanto a n\u00edvel estadual, quanto a n\u00edvel federal e municipal, o partido dever\u00e1 sofrer uma \u2018debandada\u2019 de desfilia\u00e7\u00f5es nos pr\u00f3ximos dias.<\/p>\n<p>Atualmente o MDB \u00e9 presidido em Conquista pela vereadora L\u00facia Rocha.<\/p>\n<p>Segundo fontes do blog, v\u00e1rios cargos do 1\u00ba, 2\u00ba e 3\u00ba escal\u00e3o do governo da Prefeita Sheila Lemos, que est\u00e3o no MDB, v\u00e3o pedir a desfilia\u00e7\u00e3o.<\/p>\n<p>\u201cA decis\u00e3o \u00e9 contr\u00e1ria a todo trabalho desenvolvido pelo MDB de Vit\u00f3ria da Conquista. A linha de combate a pol\u00edtica praticada pelo PT liderada pelo MDB da Su\u00ed\u00e7a Baiana, inclusive, foi reconhecida pela popula\u00e7\u00e3o, que elegeu Herzem por duas vezes\u201d, disse uma fonte do MDB conquistense que preferiu o anonimato. \/\/<em>Blog do Rodrigo Ferraz<\/em><\/p>\n","protected":false},"excerpt":{"rendered":"<p>Caiu como uma \u2018bomba\u2019 em Vit\u00f3ria da Conquista a confirma\u00e7\u00e3o do apoio do MDB ao pr\u00e9-candidato Jer\u00f4nimo Rodrigues, do PT, a sucess\u00e3o estadual na Bahia. O an\u00fancio foi feito pelo presidente de honra da sigla no Estado, o ex-deputado federal L\u00facio Vieira Lima, ao lado de v\u00e1rias lideran\u00e7as do PT, a exemplo do senador Jaques [&hellip;]<\/p>\n","protected":false},"author":2,"featured_media":101145,"comment_status":"open","ping_status":"open","sticky":false,"template":"","format":"standard","meta":{"footnotes":"","_links_to":"","_links_to_target":""},"categories":[1],"tags":[],"class_list":["post-101144","post","type-post","status-publish","format-standard","has-post-thumbnail","hentry","category-geral"],"views":894,"_links":{"self":[{"href":"https:\/\/www.sudoestehoje.com.br\/novoportal\/wp-json\/wp\/v2\/posts\/101144","targetHints":{"allow":["GET"]}}],"collection":[{"href":"https:\/\/www.sudoestehoje.com.br\/novoportal\/wp-json\/wp\/v2\/posts"}],"about":[{"href":"https:\/\/www.sudoestehoje.com.br\/novoportal\/wp-json\/wp\/v2\/types\/post"}],"author":[{"embeddable":true,"href":"https:\/\/www.sudoestehoje.com.br\/novoportal\/wp-json\/wp\/v2\/users\/2"}],"replies":[{"embeddable":true,"href":"https:\/\/www.sudoestehoje.com.br\/novoportal\/wp-json\/wp\/v2\/comments?post=101144"}],"version-history":[{"count":2,"href":"https:\/\/www.sudoestehoje.com.br\/novoportal\/wp-json\/wp\/v2\/posts\/101144\/revisions"}],"predecessor-version":[{"id":101147,"href":"https:\/\/www.sudoestehoje.com.br\/novoportal\/wp-json\/wp\/v2\/posts\/101144\/revisions\/101147"}],"wp:featuredmedia":[{"embeddable":true,"href":"https:\/\/www.sudoestehoje.com.br\/novoportal\/wp-json\/wp\/v2\/media\/101145"}],"wp:attachment":[{"href":"https:\/\/www.sudoestehoje.com.br\/novoportal\/wp-json\/wp\/v2\/media?parent=101144"}],"wp:term":[{"taxonomy":"category","embeddable":true,"href":"https:\/\/www.sudoestehoje.com.br\/novoportal\/wp-json\/wp\/v2\/categories?post=101144"},{"taxonomy":"post_tag","embeddable":true,"href":"https:\/\/www.sudoestehoje.com.br\/novoportal\/wp-json\/wp\/v2\/tags?post=101144"}],"curies":[{"name":"wp","href":"https:\/\/api.w.org\/{rel}","templated":true}]}}