
{"id":101121,"date":"2022-03-30T00:39:51","date_gmt":"2022-03-30T03:39:51","guid":{"rendered":"https:\/\/www.sudoestehoje.com.br\/novoportal\/?p=101121"},"modified":"2022-03-30T00:39:51","modified_gmt":"2022-03-30T03:39:51","slug":"caatiba-comemora-61-anos-neste-sabado","status":"publish","type":"post","link":"https:\/\/www.sudoestehoje.com.br\/novoportal\/2022\/03\/30\/caatiba-comemora-61-anos-neste-sabado\/","title":{"rendered":"CAATIBA COMEMORA 61 ANOS NESTE S\u00c1BADO"},"content":{"rendered":"<div dir=\"auto\"><a href=\"https:\/\/www.sudoestehoje.com.br\/novoportal\/wp-content\/uploads\/2022\/03\/277518643_1132784610597238_4752243084156375284_n.jpg\"><img loading=\"lazy\" decoding=\"async\" class=\"aligncenter size-medium wp-image-101123\" src=\"https:\/\/www.sudoestehoje.com.br\/novoportal\/wp-content\/uploads\/2022\/03\/277518643_1132784610597238_4752243084156375284_n-500x532.jpg\" alt=\"\" width=\"500\" height=\"532\" srcset=\"https:\/\/www.sudoestehoje.com.br\/novoportal\/wp-content\/uploads\/2022\/03\/277518643_1132784610597238_4752243084156375284_n-500x532.jpg 500w, https:\/\/www.sudoestehoje.com.br\/novoportal\/wp-content\/uploads\/2022\/03\/277518643_1132784610597238_4752243084156375284_n-700x744.jpg 700w, https:\/\/www.sudoestehoje.com.br\/novoportal\/wp-content\/uploads\/2022\/03\/277518643_1132784610597238_4752243084156375284_n-768x816.jpg 768w, https:\/\/www.sudoestehoje.com.br\/novoportal\/wp-content\/uploads\/2022\/03\/277518643_1132784610597238_4752243084156375284_n.jpg 1204w\" sizes=\"auto, (max-width: 500px) 100vw, 500px\" \/><\/a><\/div>\n<div dir=\"auto\"><\/div>\n<div dir=\"auto\"><strong>A\u00a0 jovem cidade de Caatiba estar\u00e1 em festa neste s\u00e1bado, dia 2 de abril, para celebrar mais um ano de emancipa\u00e7\u00e3o pol\u00edtica. Vamos comemorar esse dia especial da nossa cidade com alegria e muita paz! Todos est\u00e3o sendo esperados como convidados especiais.<\/strong><\/div>\n<div dir=\"auto\"><\/div>\n<div dir=\"auto\"><strong>Prefeita T\u00e2nia Ribeiro<\/strong><\/div>\n","protected":false},"excerpt":{"rendered":"<p>A\u00a0 jovem cidade de Caatiba estar\u00e1 em festa neste s\u00e1bado, dia 2 de abril, para celebrar mais um ano de emancipa\u00e7\u00e3o pol\u00edtica. Vamos comemorar esse dia especial da nossa cidade com alegria e muita paz! Todos est\u00e3o sendo esperados como convidados especiais. Prefeita T\u00e2nia Ribeiro<\/p>\n","protected":false},"author":2,"featured_media":101123,"comment_status":"open","ping_status":"open","sticky":false,"template":"","format":"standard","meta":{"footnotes":"","_links_to":"","_links_to_target":""},"categories":[1],"tags":[],"class_list":["post-101121","post","type-post","status-publish","format-standard","has-post-thumbnail","hentry","category-geral"],"views":971,"_links":{"self":[{"href":"https:\/\/www.sudoestehoje.com.br\/novoportal\/wp-json\/wp\/v2\/posts\/101121","targetHints":{"allow":["GET"]}}],"collection":[{"href":"https:\/\/www.sudoestehoje.com.br\/novoportal\/wp-json\/wp\/v2\/posts"}],"about":[{"href":"https:\/\/www.sudoestehoje.com.br\/novoportal\/wp-json\/wp\/v2\/types\/post"}],"author":[{"embeddable":true,"href":"https:\/\/www.sudoestehoje.com.br\/novoportal\/wp-json\/wp\/v2\/users\/2"}],"replies":[{"embeddable":true,"href":"https:\/\/www.sudoestehoje.com.br\/novoportal\/wp-json\/wp\/v2\/comments?post=101121"}],"version-history":[{"count":3,"href":"https:\/\/www.sudoestehoje.com.br\/novoportal\/wp-json\/wp\/v2\/posts\/101121\/revisions"}],"predecessor-version":[{"id":101125,"href":"https:\/\/www.sudoestehoje.com.br\/novoportal\/wp-json\/wp\/v2\/posts\/101121\/revisions\/101125"}],"wp:featuredmedia":[{"embeddable":true,"href":"https:\/\/www.sudoestehoje.com.br\/novoportal\/wp-json\/wp\/v2\/media\/101123"}],"wp:attachment":[{"href":"https:\/\/www.sudoestehoje.com.br\/novoportal\/wp-json\/wp\/v2\/media?parent=101121"}],"wp:term":[{"taxonomy":"category","embeddable":true,"href":"https:\/\/www.sudoestehoje.com.br\/novoportal\/wp-json\/wp\/v2\/categories?post=101121"},{"taxonomy":"post_tag","embeddable":true,"href":"https:\/\/www.sudoestehoje.com.br\/novoportal\/wp-json\/wp\/v2\/tags?post=101121"}],"curies":[{"name":"wp","href":"https:\/\/api.w.org\/{rel}","templated":true}]}}