
{"id":101105,"date":"2022-03-29T09:48:41","date_gmt":"2022-03-29T12:48:41","guid":{"rendered":"https:\/\/www.sudoestehoje.com.br\/novoportal\/?p=101105"},"modified":"2022-03-29T09:48:41","modified_gmt":"2022-03-29T12:48:41","slug":"perigo-na-isai-amorim-cratera-pode-desabar-e-via-precisa-ser-interditada","status":"publish","type":"post","link":"https:\/\/www.sudoestehoje.com.br\/novoportal\/2022\/03\/29\/perigo-na-isai-amorim-cratera-pode-desabar-e-via-precisa-ser-interditada\/","title":{"rendered":"PERIGO NA ISAI AMORIM | CRATERA PODE DESABAR E VIA PRECISA SER INTERDITADA"},"content":{"rendered":"<p><a href=\"https:\/\/www.sudoestehoje.com.br\/novoportal\/wp-content\/uploads\/2022\/03\/WhatsApp-Image-2022-03-29-at-09.41.35.jpeg\"><img loading=\"lazy\" decoding=\"async\" class=\"aligncenter size-medium wp-image-101110\" src=\"https:\/\/www.sudoestehoje.com.br\/novoportal\/wp-content\/uploads\/2022\/03\/WhatsApp-Image-2022-03-29-at-09.41.35-500x225.jpeg\" alt=\"\" width=\"500\" height=\"225\" srcset=\"https:\/\/www.sudoestehoje.com.br\/novoportal\/wp-content\/uploads\/2022\/03\/WhatsApp-Image-2022-03-29-at-09.41.35-500x225.jpeg 500w, https:\/\/www.sudoestehoje.com.br\/novoportal\/wp-content\/uploads\/2022\/03\/WhatsApp-Image-2022-03-29-at-09.41.35-700x315.jpeg 700w, https:\/\/www.sudoestehoje.com.br\/novoportal\/wp-content\/uploads\/2022\/03\/WhatsApp-Image-2022-03-29-at-09.41.35-768x346.jpeg 768w, https:\/\/www.sudoestehoje.com.br\/novoportal\/wp-content\/uploads\/2022\/03\/WhatsApp-Image-2022-03-29-at-09.41.35-1536x692.jpeg 1536w, https:\/\/www.sudoestehoje.com.br\/novoportal\/wp-content\/uploads\/2022\/03\/WhatsApp-Image-2022-03-29-at-09.41.35.jpeg 1600w\" sizes=\"auto, (max-width: 500px) 100vw, 500px\" \/><\/a><\/p>\n<p>Uma enorme cratera aberta pelas chuvas no final de dezembro, na Avenida Isai Amorim (acesso \u00e0 BA-263), em Itapetinga, vem causando preocupa\u00e7\u00e3o a quem trafega pelo local, pelo perigo que representa.<\/p>\n<p>O burac\u00e3o j\u00e1 consumiu quase metade da pista, em frente \u00e0 Disvel e ao Minist\u00e9rio P\u00fablico, e na outra metade j\u00e1 come\u00e7a a aparecer buracos, devido ao tr\u00e1fego pesado.<a href=\"https:\/\/www.sudoestehoje.com.br\/novoportal\/wp-content\/uploads\/2022\/03\/WhatsApp-Image-2022-03-29-at-09.41.35-1.jpeg\"><img loading=\"lazy\" decoding=\"async\" class=\"aligncenter size-medium wp-image-101109\" src=\"https:\/\/www.sudoestehoje.com.br\/novoportal\/wp-content\/uploads\/2022\/03\/WhatsApp-Image-2022-03-29-at-09.41.35-1-500x225.jpeg\" alt=\"\" width=\"500\" height=\"225\" srcset=\"https:\/\/www.sudoestehoje.com.br\/novoportal\/wp-content\/uploads\/2022\/03\/WhatsApp-Image-2022-03-29-at-09.41.35-1-500x225.jpeg 500w, https:\/\/www.sudoestehoje.com.br\/novoportal\/wp-content\/uploads\/2022\/03\/WhatsApp-Image-2022-03-29-at-09.41.35-1-700x315.jpeg 700w, https:\/\/www.sudoestehoje.com.br\/novoportal\/wp-content\/uploads\/2022\/03\/WhatsApp-Image-2022-03-29-at-09.41.35-1-768x346.jpeg 768w, https:\/\/www.sudoestehoje.com.br\/novoportal\/wp-content\/uploads\/2022\/03\/WhatsApp-Image-2022-03-29-at-09.41.35-1-1536x692.jpeg 1536w, https:\/\/www.sudoestehoje.com.br\/novoportal\/wp-content\/uploads\/2022\/03\/WhatsApp-Image-2022-03-29-at-09.41.35-1.jpeg 1600w\" sizes=\"auto, (max-width: 500px) 100vw, 500px\" \/><\/a><\/p>\n<p>Por se tratar de uma via muito movimentada, \u00e9 importante que seja feita uma vistoria t\u00e9cnica com urg\u00eancia, para avaliar a necessidade de INTERDI\u00c7\u00c3O do trecho comprometido, antes que aconte\u00e7a algum acidente grave.<\/p>\n<p><a href=\"https:\/\/www.sudoestehoje.com.br\/novoportal\/wp-content\/uploads\/2022\/03\/WhatsApp-Image-2022-03-29-at-09.41.36-1.jpeg\"><img loading=\"lazy\" decoding=\"async\" class=\"aligncenter size-medium wp-image-101108\" src=\"https:\/\/www.sudoestehoje.com.br\/novoportal\/wp-content\/uploads\/2022\/03\/WhatsApp-Image-2022-03-29-at-09.41.36-1-500x225.jpeg\" alt=\"\" width=\"500\" height=\"225\" srcset=\"https:\/\/www.sudoestehoje.com.br\/novoportal\/wp-content\/uploads\/2022\/03\/WhatsApp-Image-2022-03-29-at-09.41.36-1-500x225.jpeg 500w, https:\/\/www.sudoestehoje.com.br\/novoportal\/wp-content\/uploads\/2022\/03\/WhatsApp-Image-2022-03-29-at-09.41.36-1-700x315.jpeg 700w, https:\/\/www.sudoestehoje.com.br\/novoportal\/wp-content\/uploads\/2022\/03\/WhatsApp-Image-2022-03-29-at-09.41.36-1-768x346.jpeg 768w, https:\/\/www.sudoestehoje.com.br\/novoportal\/wp-content\/uploads\/2022\/03\/WhatsApp-Image-2022-03-29-at-09.41.36-1-1536x692.jpeg 1536w, https:\/\/www.sudoestehoje.com.br\/novoportal\/wp-content\/uploads\/2022\/03\/WhatsApp-Image-2022-03-29-at-09.41.36-1.jpeg 1600w\" sizes=\"auto, (max-width: 500px) 100vw, 500px\" \/><\/a><\/p>\n<p>Vale lembrar que a realiza\u00e7\u00e3o da Exposi\u00e7\u00e3o Agropecu\u00e1ria se aproxima e que a Avenida Isai Amorim \u00e9 o principal via de acesso ao Parque Juvino Oliveira, com grande movimenta\u00e7\u00e3o de ve\u00edculos nos dias do evento.<\/p>\n<p>Ainda d\u00e1 tempo de arrumar&#8230;<\/p>\n<p><em><strong>Por Davi Ferraz<\/strong><\/em><\/p>\n","protected":false},"excerpt":{"rendered":"<p>Uma enorme cratera aberta pelas chuvas no final de dezembro, na Avenida Isai Amorim (acesso \u00e0 BA-263), em Itapetinga, vem causando preocupa\u00e7\u00e3o a quem trafega pelo local, pelo perigo que representa. O burac\u00e3o j\u00e1 consumiu quase metade da pista, em frente \u00e0 Disvel e ao Minist\u00e9rio P\u00fablico, e na outra metade j\u00e1 come\u00e7a a aparecer [&hellip;]<\/p>\n","protected":false},"author":2,"featured_media":101110,"comment_status":"open","ping_status":"open","sticky":false,"template":"","format":"standard","meta":{"footnotes":"","_links_to":"","_links_to_target":""},"categories":[1],"tags":[],"class_list":["post-101105","post","type-post","status-publish","format-standard","has-post-thumbnail","hentry","category-geral"],"views":1001,"_links":{"self":[{"href":"https:\/\/www.sudoestehoje.com.br\/novoportal\/wp-json\/wp\/v2\/posts\/101105","targetHints":{"allow":["GET"]}}],"collection":[{"href":"https:\/\/www.sudoestehoje.com.br\/novoportal\/wp-json\/wp\/v2\/posts"}],"about":[{"href":"https:\/\/www.sudoestehoje.com.br\/novoportal\/wp-json\/wp\/v2\/types\/post"}],"author":[{"embeddable":true,"href":"https:\/\/www.sudoestehoje.com.br\/novoportal\/wp-json\/wp\/v2\/users\/2"}],"replies":[{"embeddable":true,"href":"https:\/\/www.sudoestehoje.com.br\/novoportal\/wp-json\/wp\/v2\/comments?post=101105"}],"version-history":[{"count":4,"href":"https:\/\/www.sudoestehoje.com.br\/novoportal\/wp-json\/wp\/v2\/posts\/101105\/revisions"}],"predecessor-version":[{"id":101114,"href":"https:\/\/www.sudoestehoje.com.br\/novoportal\/wp-json\/wp\/v2\/posts\/101105\/revisions\/101114"}],"wp:featuredmedia":[{"embeddable":true,"href":"https:\/\/www.sudoestehoje.com.br\/novoportal\/wp-json\/wp\/v2\/media\/101110"}],"wp:attachment":[{"href":"https:\/\/www.sudoestehoje.com.br\/novoportal\/wp-json\/wp\/v2\/media?parent=101105"}],"wp:term":[{"taxonomy":"category","embeddable":true,"href":"https:\/\/www.sudoestehoje.com.br\/novoportal\/wp-json\/wp\/v2\/categories?post=101105"},{"taxonomy":"post_tag","embeddable":true,"href":"https:\/\/www.sudoestehoje.com.br\/novoportal\/wp-json\/wp\/v2\/tags?post=101105"}],"curies":[{"name":"wp","href":"https:\/\/api.w.org\/{rel}","templated":true}]}}