
{"id":101086,"date":"2022-03-29T00:28:28","date_gmt":"2022-03-29T03:28:28","guid":{"rendered":"https:\/\/www.sudoestehoje.com.br\/novoportal\/?p=101086"},"modified":"2022-03-29T00:28:28","modified_gmt":"2022-03-29T03:28:28","slug":"itapetinga-rodrigo-nega-ter-recebido-convite-do-mdb-para-ser-vice-de-jeronimo","status":"publish","type":"post","link":"https:\/\/www.sudoestehoje.com.br\/novoportal\/2022\/03\/29\/itapetinga-rodrigo-nega-ter-recebido-convite-do-mdb-para-ser-vice-de-jeronimo\/","title":{"rendered":"ITAPETINGA: RODRIGO NEGA TER RECEBIDO CONVITE DO MDB PARA SER VICE DE JER\u00d4NIMO"},"content":{"rendered":"<p><a href=\"https:\/\/www.sudoestehoje.com.br\/novoportal\/wp-content\/uploads\/2022\/03\/RG.jpg\"><img loading=\"lazy\" decoding=\"async\" class=\"aligncenter size-medium wp-image-101087\" src=\"https:\/\/www.sudoestehoje.com.br\/novoportal\/wp-content\/uploads\/2022\/03\/RG-500x349.jpg\" alt=\"\" width=\"500\" height=\"349\" srcset=\"https:\/\/www.sudoestehoje.com.br\/novoportal\/wp-content\/uploads\/2022\/03\/RG-500x349.jpg 500w, https:\/\/www.sudoestehoje.com.br\/novoportal\/wp-content\/uploads\/2022\/03\/RG.jpg 601w\" sizes=\"auto, (max-width: 500px) 100vw, 500px\" \/><\/a><\/p>\n<p>Cotado para ser vice na chapa encabe\u00e7ada pelo secret\u00e1rio de Educa\u00e7\u00e3o do estado, Jer\u00f4nimo Rodrigues (PT), ao governo da Bahia, o prefeito de Itapetinga, Rodrigo Hagge (MDB), disse nesta segunda-feira (28) que n\u00e3o recebeu nenhum tipo de convite para fazer a composi\u00e7\u00e3o.<\/p>\n<p>Segundo Rodrigo Hagge, ele soube das especula\u00e7\u00f5es pela imprensa e por pessoas que tiveram contatos \u201csuperficiais\u201d.<strong><em> \u201cN\u00e3o recebi nenhum tipo de convite do governo e nem do MDB. Estou aqui em Itapetinga tocando a gest\u00e3o, focado no trabalho da prefeitura\u201d<\/em><\/strong>, afirmou.<\/p>\n<p>O nome de Rodrigo Hagge, que \u00e9 tido como um dos quadros mais destacados do MDB baiano, ganhou for\u00e7a com a aproxima\u00e7\u00e3o de seu partido com a base governista e o governador Rui Costa nos \u00faltimos dias.<\/p>\n","protected":false},"excerpt":{"rendered":"<p>Cotado para ser vice na chapa encabe\u00e7ada pelo secret\u00e1rio de Educa\u00e7\u00e3o do estado, Jer\u00f4nimo Rodrigues (PT), ao governo da Bahia, o prefeito de Itapetinga, Rodrigo Hagge (MDB), disse nesta segunda-feira (28) que n\u00e3o recebeu nenhum tipo de convite para fazer a composi\u00e7\u00e3o. Segundo Rodrigo Hagge, ele soube das especula\u00e7\u00f5es pela imprensa e por pessoas que [&hellip;]<\/p>\n","protected":false},"author":2,"featured_media":101087,"comment_status":"open","ping_status":"open","sticky":false,"template":"","format":"standard","meta":{"footnotes":"","_links_to":"","_links_to_target":""},"categories":[1],"tags":[],"class_list":["post-101086","post","type-post","status-publish","format-standard","has-post-thumbnail","hentry","category-geral"],"views":952,"_links":{"self":[{"href":"https:\/\/www.sudoestehoje.com.br\/novoportal\/wp-json\/wp\/v2\/posts\/101086","targetHints":{"allow":["GET"]}}],"collection":[{"href":"https:\/\/www.sudoestehoje.com.br\/novoportal\/wp-json\/wp\/v2\/posts"}],"about":[{"href":"https:\/\/www.sudoestehoje.com.br\/novoportal\/wp-json\/wp\/v2\/types\/post"}],"author":[{"embeddable":true,"href":"https:\/\/www.sudoestehoje.com.br\/novoportal\/wp-json\/wp\/v2\/users\/2"}],"replies":[{"embeddable":true,"href":"https:\/\/www.sudoestehoje.com.br\/novoportal\/wp-json\/wp\/v2\/comments?post=101086"}],"version-history":[{"count":1,"href":"https:\/\/www.sudoestehoje.com.br\/novoportal\/wp-json\/wp\/v2\/posts\/101086\/revisions"}],"predecessor-version":[{"id":101088,"href":"https:\/\/www.sudoestehoje.com.br\/novoportal\/wp-json\/wp\/v2\/posts\/101086\/revisions\/101088"}],"wp:featuredmedia":[{"embeddable":true,"href":"https:\/\/www.sudoestehoje.com.br\/novoportal\/wp-json\/wp\/v2\/media\/101087"}],"wp:attachment":[{"href":"https:\/\/www.sudoestehoje.com.br\/novoportal\/wp-json\/wp\/v2\/media?parent=101086"}],"wp:term":[{"taxonomy":"category","embeddable":true,"href":"https:\/\/www.sudoestehoje.com.br\/novoportal\/wp-json\/wp\/v2\/categories?post=101086"},{"taxonomy":"post_tag","embeddable":true,"href":"https:\/\/www.sudoestehoje.com.br\/novoportal\/wp-json\/wp\/v2\/tags?post=101086"}],"curies":[{"name":"wp","href":"https:\/\/api.w.org\/{rel}","templated":true}]}}