
{"id":101057,"date":"2022-03-28T17:11:52","date_gmt":"2022-03-28T20:11:52","guid":{"rendered":"https:\/\/www.sudoestehoje.com.br\/novoportal\/?p=101057"},"modified":"2022-03-28T17:13:16","modified_gmt":"2022-03-28T20:13:16","slug":"politica-vice-de-acm-neto-esta-entre-ze-ronaldo-e-marcelo-nilo","status":"publish","type":"post","link":"https:\/\/www.sudoestehoje.com.br\/novoportal\/2022\/03\/28\/politica-vice-de-acm-neto-esta-entre-ze-ronaldo-e-marcelo-nilo\/","title":{"rendered":"POL\u00cdTICA | VICE DE ACM NETO EST\u00c1 ENTRE Z\u00c9 RONALDO E MARCELO NILO"},"content":{"rendered":"<p><a href=\"https:\/\/www.sudoestehoje.com.br\/novoportal\/wp-content\/uploads\/2022\/03\/463bf9caef8adbcb4d4e96063440.jpeg\"><img loading=\"lazy\" decoding=\"async\" class=\"aligncenter size-full wp-image-101058\" src=\"https:\/\/www.sudoestehoje.com.br\/novoportal\/wp-content\/uploads\/2022\/03\/463bf9caef8adbcb4d4e96063440.jpeg\" alt=\"\" width=\"480\" height=\"228\" \/><\/a><\/p>\n<p>De acordo com fontes importantes que atuam na pol\u00edtica baiana, a chapa completa do pr\u00e9-candidato ACM Neto ao governo da Bahia ser\u00e1 definida nas pr\u00f3ximas semanas, com a indica\u00e7\u00e3o do pr\u00e9-candidato a vice.<\/p>\n<p>Segundo as mesmas fontes consultadas pelo<strong><em> Sudoeste Hoje<\/em><\/strong>, o nomes mais cotados para o posto de vice s\u00e3o o ex-candidato a governador Jos\u00e9 Ronaldo (DEM &#8211; UNI\u00c3O) e o deputado Marcelo Nilo (ex PSB), que migrou da base do governador Rui Costa para o grupo de ACM Neto, recentemente.<\/p>\n<p>As avalia\u00e7\u00f5es d\u00e3o conta de que s\u00e3o dois nomes de peso e que a indica\u00e7\u00e3o de qualquer um deles refor\u00e7ar\u00e1 ainda mais a chapa de Neto, que j\u00e1 lidera com folga todas as pesquisas no estado.<\/p>\n<p>O nome do deputado federal Felix Junior tamb\u00e9m vem sendo cogitado, mas teria perdido for\u00e7a com a entrada de Nilo e a persist\u00eancia de Z\u00e9 Ronaldo, pol\u00edtico mais forte em Feira de Santana e quadro hist\u00f3rico do DEM.<\/p>\n<p><strong><em>Por Davi Ferraz<\/em><\/strong><\/p>\n","protected":false},"excerpt":{"rendered":"<p>De acordo com fontes importantes que atuam na pol\u00edtica baiana, a chapa completa do pr\u00e9-candidato ACM Neto ao governo da Bahia ser\u00e1 definida nas pr\u00f3ximas semanas, com a indica\u00e7\u00e3o do pr\u00e9-candidato a vice. Segundo as mesmas fontes consultadas pelo Sudoeste Hoje, o nomes mais cotados para o posto de vice s\u00e3o o ex-candidato a governador [&hellip;]<\/p>\n","protected":false},"author":2,"featured_media":101058,"comment_status":"open","ping_status":"open","sticky":false,"template":"","format":"standard","meta":{"footnotes":"","_links_to":"","_links_to_target":""},"categories":[1],"tags":[],"class_list":["post-101057","post","type-post","status-publish","format-standard","has-post-thumbnail","hentry","category-geral"],"views":1186,"_links":{"self":[{"href":"https:\/\/www.sudoestehoje.com.br\/novoportal\/wp-json\/wp\/v2\/posts\/101057","targetHints":{"allow":["GET"]}}],"collection":[{"href":"https:\/\/www.sudoestehoje.com.br\/novoportal\/wp-json\/wp\/v2\/posts"}],"about":[{"href":"https:\/\/www.sudoestehoje.com.br\/novoportal\/wp-json\/wp\/v2\/types\/post"}],"author":[{"embeddable":true,"href":"https:\/\/www.sudoestehoje.com.br\/novoportal\/wp-json\/wp\/v2\/users\/2"}],"replies":[{"embeddable":true,"href":"https:\/\/www.sudoestehoje.com.br\/novoportal\/wp-json\/wp\/v2\/comments?post=101057"}],"version-history":[{"count":1,"href":"https:\/\/www.sudoestehoje.com.br\/novoportal\/wp-json\/wp\/v2\/posts\/101057\/revisions"}],"predecessor-version":[{"id":101059,"href":"https:\/\/www.sudoestehoje.com.br\/novoportal\/wp-json\/wp\/v2\/posts\/101057\/revisions\/101059"}],"wp:featuredmedia":[{"embeddable":true,"href":"https:\/\/www.sudoestehoje.com.br\/novoportal\/wp-json\/wp\/v2\/media\/101058"}],"wp:attachment":[{"href":"https:\/\/www.sudoestehoje.com.br\/novoportal\/wp-json\/wp\/v2\/media?parent=101057"}],"wp:term":[{"taxonomy":"category","embeddable":true,"href":"https:\/\/www.sudoestehoje.com.br\/novoportal\/wp-json\/wp\/v2\/categories?post=101057"},{"taxonomy":"post_tag","embeddable":true,"href":"https:\/\/www.sudoestehoje.com.br\/novoportal\/wp-json\/wp\/v2\/tags?post=101057"}],"curies":[{"name":"wp","href":"https:\/\/api.w.org\/{rel}","templated":true}]}}