
{"id":101034,"date":"2022-03-27T13:24:24","date_gmt":"2022-03-27T16:24:24","guid":{"rendered":"https:\/\/www.sudoestehoje.com.br\/novoportal\/?p=101034"},"modified":"2022-03-27T21:01:17","modified_gmt":"2022-03-28T00:01:17","slug":"luto-itapetinga-perde-luizinho-vieira","status":"publish","type":"post","link":"https:\/\/www.sudoestehoje.com.br\/novoportal\/2022\/03\/27\/luto-itapetinga-perde-luizinho-vieira\/","title":{"rendered":"LUTO | ITAPETINGA PERDE LUIZINHO VIEIRA"},"content":{"rendered":"<p><a href=\"https:\/\/www.sudoestehoje.com.br\/novoportal\/wp-content\/uploads\/2022\/03\/87a5e8eb-644b-4dd0-9dbf-9d6b4cfe557c.jpg\"><img loading=\"lazy\" decoding=\"async\" class=\"aligncenter size-medium wp-image-101035\" src=\"https:\/\/www.sudoestehoje.com.br\/novoportal\/wp-content\/uploads\/2022\/03\/87a5e8eb-644b-4dd0-9dbf-9d6b4cfe557c-500x450.jpg\" alt=\"\" width=\"500\" height=\"450\" srcset=\"https:\/\/www.sudoestehoje.com.br\/novoportal\/wp-content\/uploads\/2022\/03\/87a5e8eb-644b-4dd0-9dbf-9d6b4cfe557c-500x450.jpg 500w, https:\/\/www.sudoestehoje.com.br\/novoportal\/wp-content\/uploads\/2022\/03\/87a5e8eb-644b-4dd0-9dbf-9d6b4cfe557c.jpg 672w\" sizes=\"auto, (max-width: 500px) 100vw, 500px\" \/><\/a><\/p>\n<p>\u00c9 com muito pesar que noticiamos o falecimento de Luiz Carlos Vieira, o &#8216;Luizinho&#8217;, 56 anos, irm\u00e3o do comerciante Carlinhos Diesel e do professor Amarildo, muito conhecidos em Itapetinga.<\/p>\n<p>De acordo com informa\u00e7\u00f5es de amigos e familiares, Luizinho passou mal em sua resid\u00eancia, vindo a falecer, na manh\u00e3 deste domingo (27). Deixa a esposa Selma, dois filhos e uma enteada.<\/p>\n<p>O corpo est\u00e1 sendo velado na Pax Perfei\u00e7\u00e3o, com sepultamento previsto para as 17h.<\/p>\n<p>O Sudoeste Hoje lamenta a perda do amigo e estende suas condol\u00eancia aos familiares e amigo.<\/p>\n<p><strong><em>Por Davi Ferraz\u00a0<\/em><\/strong><\/p>\n","protected":false},"excerpt":{"rendered":"<p>\u00c9 com muito pesar que noticiamos o falecimento de Luiz Carlos Vieira, o &#8216;Luizinho&#8217;, 56 anos, irm\u00e3o do comerciante Carlinhos Diesel e do professor Amarildo, muito conhecidos em Itapetinga. De acordo com informa\u00e7\u00f5es de amigos e familiares, Luizinho passou mal em sua resid\u00eancia, vindo a falecer, na manh\u00e3 deste domingo (27). Deixa a esposa Selma, [&hellip;]<\/p>\n","protected":false},"author":2,"featured_media":101035,"comment_status":"open","ping_status":"open","sticky":false,"template":"","format":"standard","meta":{"footnotes":"","_links_to":"","_links_to_target":""},"categories":[1],"tags":[],"class_list":["post-101034","post","type-post","status-publish","format-standard","has-post-thumbnail","hentry","category-geral"],"views":1980,"_links":{"self":[{"href":"https:\/\/www.sudoestehoje.com.br\/novoportal\/wp-json\/wp\/v2\/posts\/101034","targetHints":{"allow":["GET"]}}],"collection":[{"href":"https:\/\/www.sudoestehoje.com.br\/novoportal\/wp-json\/wp\/v2\/posts"}],"about":[{"href":"https:\/\/www.sudoestehoje.com.br\/novoportal\/wp-json\/wp\/v2\/types\/post"}],"author":[{"embeddable":true,"href":"https:\/\/www.sudoestehoje.com.br\/novoportal\/wp-json\/wp\/v2\/users\/2"}],"replies":[{"embeddable":true,"href":"https:\/\/www.sudoestehoje.com.br\/novoportal\/wp-json\/wp\/v2\/comments?post=101034"}],"version-history":[{"count":2,"href":"https:\/\/www.sudoestehoje.com.br\/novoportal\/wp-json\/wp\/v2\/posts\/101034\/revisions"}],"predecessor-version":[{"id":101041,"href":"https:\/\/www.sudoestehoje.com.br\/novoportal\/wp-json\/wp\/v2\/posts\/101034\/revisions\/101041"}],"wp:featuredmedia":[{"embeddable":true,"href":"https:\/\/www.sudoestehoje.com.br\/novoportal\/wp-json\/wp\/v2\/media\/101035"}],"wp:attachment":[{"href":"https:\/\/www.sudoestehoje.com.br\/novoportal\/wp-json\/wp\/v2\/media?parent=101034"}],"wp:term":[{"taxonomy":"category","embeddable":true,"href":"https:\/\/www.sudoestehoje.com.br\/novoportal\/wp-json\/wp\/v2\/categories?post=101034"},{"taxonomy":"post_tag","embeddable":true,"href":"https:\/\/www.sudoestehoje.com.br\/novoportal\/wp-json\/wp\/v2\/tags?post=101034"}],"curies":[{"name":"wp","href":"https:\/\/api.w.org\/{rel}","templated":true}]}}