
{"id":101020,"date":"2022-03-25T17:54:39","date_gmt":"2022-03-25T20:54:39","guid":{"rendered":"https:\/\/www.sudoestehoje.com.br\/novoportal\/?p=101020"},"modified":"2022-03-25T17:54:39","modified_gmt":"2022-03-25T20:54:39","slug":"eleicoes-wagner-nao-descarta-hipotese-do-mdb-indicar-vice-de-jeronimo","status":"publish","type":"post","link":"https:\/\/www.sudoestehoje.com.br\/novoportal\/2022\/03\/25\/eleicoes-wagner-nao-descarta-hipotese-do-mdb-indicar-vice-de-jeronimo\/","title":{"rendered":"ELEI\u00c7\u00d5ES | WAGNER N\u00c3O DESCARTA HIP\u00d3TESE DO MDB INDICAR VICE DE JER\u00d4NIMO"},"content":{"rendered":"<p><a href=\"https:\/\/www.sudoestehoje.com.br\/novoportal\/wp-content\/uploads\/2022\/03\/jaques-wagner-entrevista-bahia-mineral-foto-joao-ramos-ascom-sde.jpg\"><img loading=\"lazy\" decoding=\"async\" class=\"aligncenter size-medium wp-image-101022\" src=\"https:\/\/www.sudoestehoje.com.br\/novoportal\/wp-content\/uploads\/2022\/03\/jaques-wagner-entrevista-bahia-mineral-foto-joao-ramos-ascom-sde-500x350.jpg\" alt=\"\" width=\"500\" height=\"350\" srcset=\"https:\/\/www.sudoestehoje.com.br\/novoportal\/wp-content\/uploads\/2022\/03\/jaques-wagner-entrevista-bahia-mineral-foto-joao-ramos-ascom-sde-500x350.jpg 500w, https:\/\/www.sudoestehoje.com.br\/novoportal\/wp-content\/uploads\/2022\/03\/jaques-wagner-entrevista-bahia-mineral-foto-joao-ramos-ascom-sde.jpg 600w\" sizes=\"auto, (max-width: 500px) 100vw, 500px\" \/><\/a><\/p>\n<p>O senador Jaques Wagner (PT) n\u00e3o descartou, nesta sexta-feira (25), a possibilidade de o MDB indicar o candidato a vice-governador na chapa de Jer\u00f4nimo Rodrigues (PT). Wagner ressaltou, no entanto, que \u201cpor enquanto, n\u00e3o d\u00e1 pra saber\u201d se, de fato, o MDB ir\u00e1 integrar a majorit\u00e1ria governista.<\/p>\n<p>\u201cPor enquanto, n\u00e3o d\u00e1 pra saber (se o MDB indicar\u00e1 a vice), tem muita pe\u00e7a se mexendo\u201d, afirmou Wagner ao\u00a0<strong>bahia.ba<\/strong>, por meio do aplicativo de mensagem WhatsApp.<\/p>\n<p>Perguntado se o MDB n\u00e3o j\u00e1 estaria fechado com o grupo governista, o senador petista respondeu: \u201ccedo para falar, estamos trabalhando\u201d.<\/p>\n<p>Aliados do pr\u00e9-candidato ao governo da Bahia, ACM Neto (Uni\u00e3o Brasil), j\u00e1 admitem que o MDB vai embarcar na base governista. A avalia\u00e7\u00e3o \u00e9 de que, com\u00a0<a href=\"https:\/\/bahia.ba\/eleicoes2022\/podemos-anuncia-apoio-a-acm-neto-em-ato-na-noite-desta-quinta-feira\/\">o ingresso do Podemos no grupo oposicionista<\/a>, Neto n\u00e3o ter\u00e1 mais como vitaminar o MDB, isto \u00e9, filiar candidatos a deputado federal e estadual. Parte dos quadros do ex-prefeito soteropolitano vai para o Podemos.<\/p>\n<p>Participando diretamente da pr\u00e9-campanha de ACM Neto, o prefeito de Salvador, Bruno Reis (Uni\u00e3o Brasil), inclusive, mostrou insatisfa\u00e7\u00e3o com o \u201cjogo duplo\u201d do MDB.<\/p>\n<p>\u201cN\u00e3o tenha d\u00favidas que gera instabilidades. Voc\u00ea, num momento como esse, algum partido est\u00e1 conversando com os dois lados. Isso dificulta o processo de constru\u00e7\u00e3o e organiza\u00e7\u00e3o partid\u00e1ria. As conversas ainda est\u00e3o em curso, mas n\u00e3o tenha d\u00favidas que essa instabilidade dificulta muito o trabalho\u201d, avaliou Reis, em entrevista coletiva nesta sexta.<\/p>\n","protected":false},"excerpt":{"rendered":"<p>O senador Jaques Wagner (PT) n\u00e3o descartou, nesta sexta-feira (25), a possibilidade de o MDB indicar o candidato a vice-governador na chapa de Jer\u00f4nimo Rodrigues (PT). Wagner ressaltou, no entanto, que \u201cpor enquanto, n\u00e3o d\u00e1 pra saber\u201d se, de fato, o MDB ir\u00e1 integrar a majorit\u00e1ria governista. \u201cPor enquanto, n\u00e3o d\u00e1 pra saber (se o [&hellip;]<\/p>\n","protected":false},"author":2,"featured_media":101022,"comment_status":"open","ping_status":"open","sticky":false,"template":"","format":"standard","meta":{"footnotes":"","_links_to":"","_links_to_target":""},"categories":[1],"tags":[],"class_list":["post-101020","post","type-post","status-publish","format-standard","has-post-thumbnail","hentry","category-geral"],"views":860,"_links":{"self":[{"href":"https:\/\/www.sudoestehoje.com.br\/novoportal\/wp-json\/wp\/v2\/posts\/101020","targetHints":{"allow":["GET"]}}],"collection":[{"href":"https:\/\/www.sudoestehoje.com.br\/novoportal\/wp-json\/wp\/v2\/posts"}],"about":[{"href":"https:\/\/www.sudoestehoje.com.br\/novoportal\/wp-json\/wp\/v2\/types\/post"}],"author":[{"embeddable":true,"href":"https:\/\/www.sudoestehoje.com.br\/novoportal\/wp-json\/wp\/v2\/users\/2"}],"replies":[{"embeddable":true,"href":"https:\/\/www.sudoestehoje.com.br\/novoportal\/wp-json\/wp\/v2\/comments?post=101020"}],"version-history":[{"count":3,"href":"https:\/\/www.sudoestehoje.com.br\/novoportal\/wp-json\/wp\/v2\/posts\/101020\/revisions"}],"predecessor-version":[{"id":101024,"href":"https:\/\/www.sudoestehoje.com.br\/novoportal\/wp-json\/wp\/v2\/posts\/101020\/revisions\/101024"}],"wp:featuredmedia":[{"embeddable":true,"href":"https:\/\/www.sudoestehoje.com.br\/novoportal\/wp-json\/wp\/v2\/media\/101022"}],"wp:attachment":[{"href":"https:\/\/www.sudoestehoje.com.br\/novoportal\/wp-json\/wp\/v2\/media?parent=101020"}],"wp:term":[{"taxonomy":"category","embeddable":true,"href":"https:\/\/www.sudoestehoje.com.br\/novoportal\/wp-json\/wp\/v2\/categories?post=101020"},{"taxonomy":"post_tag","embeddable":true,"href":"https:\/\/www.sudoestehoje.com.br\/novoportal\/wp-json\/wp\/v2\/tags?post=101020"}],"curies":[{"name":"wp","href":"https:\/\/api.w.org\/{rel}","templated":true}]}}