
{"id":100998,"date":"2022-03-24T16:51:05","date_gmt":"2022-03-24T19:51:05","guid":{"rendered":"https:\/\/www.sudoestehoje.com.br\/novoportal\/?p=100998"},"modified":"2022-03-24T20:27:37","modified_gmt":"2022-03-24T23:27:37","slug":"exame-ideia-bolsonaro-volta-a-subir-e-distancia-de-lula-comeca-a-diminuir","status":"publish","type":"post","link":"https:\/\/www.sudoestehoje.com.br\/novoportal\/2022\/03\/24\/exame-ideia-bolsonaro-volta-a-subir-e-distancia-de-lula-comeca-a-diminuir\/","title":{"rendered":"EXAME\/IDEIA | BOLSONARO VOLTA A SUBIR E DIST\u00c2NCIA DE LULA COME\u00c7A A DIMINUIR"},"content":{"rendered":"<div class=\"ads-FR\">\n<div class=\"ddp-ads\">\n<div class=\"pub-ret\">\n<div id=\"ddp-ads-quadrado-1\" data-google-query-id=\"CO7Fro7A3_YCFZ42uQYdUZoF4g\">\n<div id=\"google_ads_iframe_\/21727414016\/quadrado-1_0__container__\"><a href=\"https:\/\/www.sudoestehoje.com.br\/novoportal\/wp-content\/uploads\/2022\/03\/31-1-1.jpg\"><img loading=\"lazy\" decoding=\"async\" class=\"aligncenter size-medium wp-image-101000\" src=\"https:\/\/www.sudoestehoje.com.br\/novoportal\/wp-content\/uploads\/2022\/03\/31-1-1-500x281.jpg\" alt=\"\" width=\"500\" height=\"281\" srcset=\"https:\/\/www.sudoestehoje.com.br\/novoportal\/wp-content\/uploads\/2022\/03\/31-1-1-500x281.jpg 500w, https:\/\/www.sudoestehoje.com.br\/novoportal\/wp-content\/uploads\/2022\/03\/31-1-1-700x394.jpg 700w, https:\/\/www.sudoestehoje.com.br\/novoportal\/wp-content\/uploads\/2022\/03\/31-1-1-768x432.jpg 768w, https:\/\/www.sudoestehoje.com.br\/novoportal\/wp-content\/uploads\/2022\/03\/31-1-1.jpg 1024w\" sizes=\"auto, (max-width: 500px) 100vw, 500px\" \/><\/a><\/div>\n<\/div>\n<\/div>\n<\/div>\n<\/div>\n<p>&nbsp;<\/p>\n<p>Levantamento Exame\/Ideia divulgado nesta quinta-feira (24) mostra que a avalia\u00e7\u00e3o do governo Bolsonaro melhorou em rela\u00e7\u00e3o \u00e0 \u00faltima pesquisa, em fevereiro, mas 44% dos brasileiros ainda desaprovam a atual administra\u00e7\u00e3o, enquanto 32% aprovam e 22% n\u00e3o aprovam, nem desaprovam o governo e 2% n\u00e3o souberam responder.<\/p>\n<p><img loading=\"lazy\" decoding=\"async\" class=\"alignleft wp-image-344907\" src=\"https:\/\/uploads.diariodopoder.com.br\/2022\/03\/711649bd-pesquisa-exame-ideia-15.20-copy.jpg\" alt=\"\" width=\"501\" height=\"574\" \/><\/p>\n<p>&nbsp;<\/p>\n<p>&nbsp;<\/p>\n<p>&nbsp;<\/p>\n<p>&nbsp;<\/p>\n<p>&nbsp;<\/p>\n<p>&nbsp;<\/p>\n<p>&nbsp;<\/p>\n<p>&nbsp;<\/p>\n<p>&nbsp;<\/p>\n<p>&nbsp;<\/p>\n<p>&nbsp;<\/p>\n<p>&nbsp;<\/p>\n<p>&nbsp;<\/p>\n<p>&nbsp;<\/p>\n<p>&nbsp;<\/p>\n<p>&nbsp;<\/p>\n<p>No cen\u00e1rio eleitoral estimulado, o instituto Ideia aponta que o pr\u00e9-candidato petista Lula tem 40% das inten\u00e7\u00f5es de voto para presidente, enquanto o presidente Jair Bolsonaro (PL), tem 29%. O ex-ministro Sergio Moro (Podemos) empata em terceiro lugar com o ex-governador cearense Ciro Gomes (PDT), ambos com 9%. Os tucanos Eduardo Leite e Jo\u00e3o Doria t\u00eam 2% e 1% respectivamente, e o restante dos pr\u00e9-candidatos n\u00e3o passam desse patamar.<\/p>\n<div id=\"ddp-ads-AD-51\" data-google-query-id=\"CKjozJa-3_YCFZ8FuQYdxPQAow\">\n<div id=\"google_ads_iframe_\/21727414016\/AD-51_0__container__\"><img loading=\"lazy\" decoding=\"async\" class=\"alignleft wp-image-344905\" src=\"https:\/\/uploads.diariodopoder.com.br\/2022\/03\/7cba1269-pesquisa-exame-ideia-14.56.png\" alt=\"\" width=\"500\" height=\"745\" \/><\/div>\n<\/div>\n<p>&nbsp;<\/p>\n<p>&nbsp;<\/p>\n<p>&nbsp;<\/p>\n<p>&nbsp;<\/p>\n<p>&nbsp;<\/p>\n<p>&nbsp;<\/p>\n<p>&nbsp;<\/p>\n<p>&nbsp;<\/p>\n<p>&nbsp;<\/p>\n<p>&nbsp;<\/p>\n<p>&nbsp;<\/p>\n<p>&nbsp;<\/p>\n<p>&nbsp;<\/p>\n<p>&nbsp;<\/p>\n<p>&nbsp;<\/p>\n<p>&nbsp;<\/p>\n<p>&nbsp;<\/p>\n<p>&nbsp;<\/p>\n<p>&nbsp;<\/p>\n<p>&nbsp;<\/p>\n<p>No cen\u00e1rio espont\u00e2neo, onde o nome dos candidatos n\u00e3o \u00e9 apresentado para o pesquisado, Lula ainda lidera com 34,6%, mas a diferen\u00e7a para Bolsonaro (25%) cai para menos de 10 pontos percentuais. Sergio Moro e Ciro Gomes empatam com 4% cada.<\/p>\n<p><img loading=\"lazy\" decoding=\"async\" class=\"alignleft wp-image-344906\" src=\"https:\/\/uploads.diariodopoder.com.br\/2022\/03\/4c416f53-pesquisa-exame-ideia-14.43.png\" alt=\"\" width=\"501\" height=\"762\" \/><\/p>\n<div class=\"ddp-banner ddp-banner-rectangle\">\n<div class=\"ddp-ads\">\n<div class=\"pub-hor pos-3\">\n<div id=\"ddp-ads-horizontal-3\" data-google-query-id=\"CPLj-7bA3_YCFVkEuQYdQxcHlQ\">\n<div id=\"google_ads_iframe_\/21727414016\/horizontal-3_0__container__\"><\/div>\n<\/div>\n<\/div>\n<\/div>\n<\/div>\n<p>&nbsp;<\/p>\n<p>&nbsp;<\/p>\n<p>&nbsp;<\/p>\n<p>&nbsp;<\/p>\n<p>&nbsp;<\/p>\n<p>&nbsp;<\/p>\n<p>&nbsp;<\/p>\n<p>&nbsp;<\/p>\n<p>&nbsp;<\/p>\n<p>&nbsp;<\/p>\n<p>&nbsp;<\/p>\n<p>&nbsp;<\/p>\n<p>&nbsp;<\/p>\n<p>&nbsp;<\/p>\n<p>&nbsp;<\/p>\n<p>&nbsp;<\/p>\n<p>&nbsp;<\/p>\n<p>&nbsp;<\/p>\n","protected":false},"excerpt":{"rendered":"<p>&nbsp; Levantamento Exame\/Ideia divulgado nesta quinta-feira (24) mostra que a avalia\u00e7\u00e3o do governo Bolsonaro melhorou em rela\u00e7\u00e3o \u00e0 \u00faltima pesquisa, em fevereiro, mas 44% dos brasileiros ainda desaprovam a atual administra\u00e7\u00e3o, enquanto 32% aprovam e 22% n\u00e3o aprovam, nem desaprovam o governo e 2% n\u00e3o souberam responder. &nbsp; &nbsp; &nbsp; &nbsp; &nbsp; &nbsp; &nbsp; &nbsp; [&hellip;]<\/p>\n","protected":false},"author":2,"featured_media":101000,"comment_status":"open","ping_status":"open","sticky":false,"template":"","format":"standard","meta":{"footnotes":"","_links_to":"","_links_to_target":""},"categories":[1],"tags":[],"class_list":["post-100998","post","type-post","status-publish","format-standard","has-post-thumbnail","hentry","category-geral"],"views":889,"_links":{"self":[{"href":"https:\/\/www.sudoestehoje.com.br\/novoportal\/wp-json\/wp\/v2\/posts\/100998","targetHints":{"allow":["GET"]}}],"collection":[{"href":"https:\/\/www.sudoestehoje.com.br\/novoportal\/wp-json\/wp\/v2\/posts"}],"about":[{"href":"https:\/\/www.sudoestehoje.com.br\/novoportal\/wp-json\/wp\/v2\/types\/post"}],"author":[{"embeddable":true,"href":"https:\/\/www.sudoestehoje.com.br\/novoportal\/wp-json\/wp\/v2\/users\/2"}],"replies":[{"embeddable":true,"href":"https:\/\/www.sudoestehoje.com.br\/novoportal\/wp-json\/wp\/v2\/comments?post=100998"}],"version-history":[{"count":4,"href":"https:\/\/www.sudoestehoje.com.br\/novoportal\/wp-json\/wp\/v2\/posts\/100998\/revisions"}],"predecessor-version":[{"id":101010,"href":"https:\/\/www.sudoestehoje.com.br\/novoportal\/wp-json\/wp\/v2\/posts\/100998\/revisions\/101010"}],"wp:featuredmedia":[{"embeddable":true,"href":"https:\/\/www.sudoestehoje.com.br\/novoportal\/wp-json\/wp\/v2\/media\/101000"}],"wp:attachment":[{"href":"https:\/\/www.sudoestehoje.com.br\/novoportal\/wp-json\/wp\/v2\/media?parent=100998"}],"wp:term":[{"taxonomy":"category","embeddable":true,"href":"https:\/\/www.sudoestehoje.com.br\/novoportal\/wp-json\/wp\/v2\/categories?post=100998"},{"taxonomy":"post_tag","embeddable":true,"href":"https:\/\/www.sudoestehoje.com.br\/novoportal\/wp-json\/wp\/v2\/tags?post=100998"}],"curies":[{"name":"wp","href":"https:\/\/api.w.org\/{rel}","templated":true}]}}