
{"id":100952,"date":"2022-03-23T07:48:10","date_gmt":"2022-03-23T10:48:10","guid":{"rendered":"https:\/\/www.sudoestehoje.com.br\/novoportal\/?p=100952"},"modified":"2022-03-23T08:54:19","modified_gmt":"2022-03-23T11:54:19","slug":"vereadora-manu-brandao-lanca-gabinete-itinerante-dia-27-de-marco-na-agrovilas","status":"publish","type":"post","link":"https:\/\/www.sudoestehoje.com.br\/novoportal\/2022\/03\/23\/vereadora-manu-brandao-lanca-gabinete-itinerante-dia-27-de-marco-na-agrovilas\/","title":{"rendered":"VEREADORA MANU BRAND\u00c3O LAN\u00c7A GABINETE ITINERANTE DIA 27 NA AGROVILA CATOL\u00c9"},"content":{"rendered":"<p><a href=\"https:\/\/www.sudoestehoje.com.br\/novoportal\/wp-content\/uploads\/2022\/03\/WhatsApp-Image-2022-03-22-at-22.41.06.jpeg\"><img loading=\"lazy\" decoding=\"async\" class=\"aligncenter size-medium wp-image-100953\" src=\"https:\/\/www.sudoestehoje.com.br\/novoportal\/wp-content\/uploads\/2022\/03\/WhatsApp-Image-2022-03-22-at-22.41.06-500x500.jpeg\" alt=\"\" width=\"500\" height=\"500\" srcset=\"https:\/\/www.sudoestehoje.com.br\/novoportal\/wp-content\/uploads\/2022\/03\/WhatsApp-Image-2022-03-22-at-22.41.06-500x500.jpeg 500w, https:\/\/www.sudoestehoje.com.br\/novoportal\/wp-content\/uploads\/2022\/03\/WhatsApp-Image-2022-03-22-at-22.41.06-700x700.jpeg 700w, https:\/\/www.sudoestehoje.com.br\/novoportal\/wp-content\/uploads\/2022\/03\/WhatsApp-Image-2022-03-22-at-22.41.06-150x150.jpeg 150w, https:\/\/www.sudoestehoje.com.br\/novoportal\/wp-content\/uploads\/2022\/03\/WhatsApp-Image-2022-03-22-at-22.41.06-768x768.jpeg 768w, https:\/\/www.sudoestehoje.com.br\/novoportal\/wp-content\/uploads\/2022\/03\/WhatsApp-Image-2022-03-22-at-22.41.06.jpeg 1024w\" sizes=\"auto, (max-width: 500px) 100vw, 500px\" \/><\/a><\/p>\n<p>Vem a\u00ed &#x1f50a;<br \/>\nGabinete Itinerante<br \/>\n&#x303d;&#xfe0f;anu Em A\u00e7\u00e3o<br \/>\nVamos levar para os bairros servi\u00e7os essenciais para melhor atender nossa comunidade &#x1f91d;<br \/>\nUm projeto que era um sonho<br \/>\nAgora \u00e9 realidade total &#x1f64c;&#x1f3fb;<br \/>\nMais Sa\u00fade &#8230; Itapetinga Merece o Melhor !!!<\/p>\n<p><strong>Atendimento m\u00e9dico, odontom\u00f3vel, exames, a\u00e7\u00e3o social e outras demandas<\/strong><br \/>\n<strong>Parceria com prefeitura municipal e Fundac\u00e3o Jos\u00e9 Silveira.<\/strong><\/p>\n<p>Uma vez por m\u00eas em cada bairro.<\/p>\n<p>#itapetinga #vereadoradoPovo #MDBMulher #saude #cuidado #amor #colanaManu<\/p>\n","protected":false},"excerpt":{"rendered":"<p>Vem a\u00ed &#x1f50a; Gabinete Itinerante &#x303d;&#xfe0f;anu Em A\u00e7\u00e3o Vamos levar para os bairros servi\u00e7os essenciais para melhor atender nossa comunidade &#x1f91d; Um projeto que era um sonho Agora \u00e9 realidade total &#x1f64c;&#x1f3fb; Mais Sa\u00fade &#8230; Itapetinga Merece o Melhor !!! Atendimento m\u00e9dico, odontom\u00f3vel, exames, a\u00e7\u00e3o social e outras demandas Parceria com prefeitura municipal e Fundac\u00e3o [&hellip;]<\/p>\n","protected":false},"author":2,"featured_media":100953,"comment_status":"open","ping_status":"open","sticky":false,"template":"","format":"standard","meta":{"footnotes":"","_links_to":"","_links_to_target":""},"categories":[1],"tags":[],"class_list":["post-100952","post","type-post","status-publish","format-standard","has-post-thumbnail","hentry","category-geral"],"views":865,"_links":{"self":[{"href":"https:\/\/www.sudoestehoje.com.br\/novoportal\/wp-json\/wp\/v2\/posts\/100952","targetHints":{"allow":["GET"]}}],"collection":[{"href":"https:\/\/www.sudoestehoje.com.br\/novoportal\/wp-json\/wp\/v2\/posts"}],"about":[{"href":"https:\/\/www.sudoestehoje.com.br\/novoportal\/wp-json\/wp\/v2\/types\/post"}],"author":[{"embeddable":true,"href":"https:\/\/www.sudoestehoje.com.br\/novoportal\/wp-json\/wp\/v2\/users\/2"}],"replies":[{"embeddable":true,"href":"https:\/\/www.sudoestehoje.com.br\/novoportal\/wp-json\/wp\/v2\/comments?post=100952"}],"version-history":[{"count":7,"href":"https:\/\/www.sudoestehoje.com.br\/novoportal\/wp-json\/wp\/v2\/posts\/100952\/revisions"}],"predecessor-version":[{"id":100960,"href":"https:\/\/www.sudoestehoje.com.br\/novoportal\/wp-json\/wp\/v2\/posts\/100952\/revisions\/100960"}],"wp:featuredmedia":[{"embeddable":true,"href":"https:\/\/www.sudoestehoje.com.br\/novoportal\/wp-json\/wp\/v2\/media\/100953"}],"wp:attachment":[{"href":"https:\/\/www.sudoestehoje.com.br\/novoportal\/wp-json\/wp\/v2\/media?parent=100952"}],"wp:term":[{"taxonomy":"category","embeddable":true,"href":"https:\/\/www.sudoestehoje.com.br\/novoportal\/wp-json\/wp\/v2\/categories?post=100952"},{"taxonomy":"post_tag","embeddable":true,"href":"https:\/\/www.sudoestehoje.com.br\/novoportal\/wp-json\/wp\/v2\/tags?post=100952"}],"curies":[{"name":"wp","href":"https:\/\/api.w.org\/{rel}","templated":true}]}}