
{"id":100947,"date":"2022-03-22T22:36:35","date_gmt":"2022-03-23T01:36:35","guid":{"rendered":"https:\/\/www.sudoestehoje.com.br\/novoportal\/?p=100947"},"modified":"2022-03-22T22:36:35","modified_gmt":"2022-03-23T01:36:35","slug":"aviso-saae-abastecimento-de-agua-sera-interrompodo-nesta-quarta-para-lavagem-dos-decantadores-confira-locais","status":"publish","type":"post","link":"https:\/\/www.sudoestehoje.com.br\/novoportal\/2022\/03\/22\/aviso-saae-abastecimento-de-agua-sera-interrompodo-nesta-quarta-para-lavagem-dos-decantadores-confira-locais\/","title":{"rendered":"AVISO SAAE | ABASTECIMENTO DE \u00c1GUA SER\u00c1 INTERROMPODO NESTA QUARTA PARA LAVAGEM DOS DECANTADORES; CONFIRA LOCAIS"},"content":{"rendered":"<p><a href=\"https:\/\/www.sudoestehoje.com.br\/novoportal\/wp-content\/uploads\/2022\/03\/download-5.jpg\"><img loading=\"lazy\" decoding=\"async\" class=\"aligncenter  wp-image-100950\" src=\"https:\/\/www.sudoestehoje.com.br\/novoportal\/wp-content\/uploads\/2022\/03\/download-5.jpg\" alt=\"\" width=\"499\" height=\"279\" \/><\/a><\/p>\n<p>Cumprindo determina\u00e7\u00f5es do Minist\u00e9rio da Sa\u00fade o SAAE de Itapetinga far\u00e1 nesta quarta-feira, 23\/03, a primeira lavagem de um dos decantadores da Esta\u00e7\u00e3o de Tratamento de \u00c1gua, do Bairro Primavera. Obrigatoriamente s\u00e3o duas lavagens, por ano.<\/p>\n<p>O servi\u00e7o ser\u00e1 iniciado \u00e0s 17:30h e a previs\u00e3o de conclus\u00e3o \u00e9 \u00e0s 23:00h.<\/p>\n<p>Durante a lavagem do decantador algumas localidades poder\u00e3o ter o abastecimento comprometido, principalmente nas partes altas da cidade a exemplo de<strong> Ot\u00e1vio Cam\u00f5es, Quintas do Sul, Recanto da Colina, Centro, Clodoaldo Costa, Ecosane, Vit\u00f3ria R\u00e9gia e todas as Vilas.<\/strong><\/p>\n<p>Solicitamos a economia no uso da \u00e1gua do seu reservat\u00f3rio residencial.<\/p>\n<p>Mais uma vez agradecemos a aten\u00e7\u00e3o e compreens\u00e3o de todos.<\/p>\n<p>A Dire\u00e7\u00e3o.<\/p>\n","protected":false},"excerpt":{"rendered":"<p>Cumprindo determina\u00e7\u00f5es do Minist\u00e9rio da Sa\u00fade o SAAE de Itapetinga far\u00e1 nesta quarta-feira, 23\/03, a primeira lavagem de um dos decantadores da Esta\u00e7\u00e3o de Tratamento de \u00c1gua, do Bairro Primavera. Obrigatoriamente s\u00e3o duas lavagens, por ano. O servi\u00e7o ser\u00e1 iniciado \u00e0s 17:30h e a previs\u00e3o de conclus\u00e3o \u00e9 \u00e0s 23:00h. Durante a lavagem do decantador [&hellip;]<\/p>\n","protected":false},"author":2,"featured_media":100950,"comment_status":"open","ping_status":"open","sticky":false,"template":"","format":"standard","meta":{"footnotes":"","_links_to":"","_links_to_target":""},"categories":[1],"tags":[],"class_list":["post-100947","post","type-post","status-publish","format-standard","has-post-thumbnail","hentry","category-geral"],"views":693,"_links":{"self":[{"href":"https:\/\/www.sudoestehoje.com.br\/novoportal\/wp-json\/wp\/v2\/posts\/100947","targetHints":{"allow":["GET"]}}],"collection":[{"href":"https:\/\/www.sudoestehoje.com.br\/novoportal\/wp-json\/wp\/v2\/posts"}],"about":[{"href":"https:\/\/www.sudoestehoje.com.br\/novoportal\/wp-json\/wp\/v2\/types\/post"}],"author":[{"embeddable":true,"href":"https:\/\/www.sudoestehoje.com.br\/novoportal\/wp-json\/wp\/v2\/users\/2"}],"replies":[{"embeddable":true,"href":"https:\/\/www.sudoestehoje.com.br\/novoportal\/wp-json\/wp\/v2\/comments?post=100947"}],"version-history":[{"count":3,"href":"https:\/\/www.sudoestehoje.com.br\/novoportal\/wp-json\/wp\/v2\/posts\/100947\/revisions"}],"predecessor-version":[{"id":100951,"href":"https:\/\/www.sudoestehoje.com.br\/novoportal\/wp-json\/wp\/v2\/posts\/100947\/revisions\/100951"}],"wp:featuredmedia":[{"embeddable":true,"href":"https:\/\/www.sudoestehoje.com.br\/novoportal\/wp-json\/wp\/v2\/media\/100950"}],"wp:attachment":[{"href":"https:\/\/www.sudoestehoje.com.br\/novoportal\/wp-json\/wp\/v2\/media?parent=100947"}],"wp:term":[{"taxonomy":"category","embeddable":true,"href":"https:\/\/www.sudoestehoje.com.br\/novoportal\/wp-json\/wp\/v2\/categories?post=100947"},{"taxonomy":"post_tag","embeddable":true,"href":"https:\/\/www.sudoestehoje.com.br\/novoportal\/wp-json\/wp\/v2\/tags?post=100947"}],"curies":[{"name":"wp","href":"https:\/\/api.w.org\/{rel}","templated":true}]}}